{"id":30627,"date":"2019-02-22T18:42:51","date_gmt":"2019-02-22T18:42:51","guid":{"rendered":"http:\/\/web.afiwai.com\/rwp\/?p=30627"},"modified":"2019-12-13T15:28:43","modified_gmt":"2019-12-13T15:28:43","slug":"ilhas-magicas-especie-rara-reencontrada-nas-galapagos","status":"publish","type":"post","link":"https:\/\/web.afiwai.com\/rwp\/ilhas-magicas-especie-rara-reencontrada-nas-galapagos\/","title":{"rendered":"Ilhas m\u00e1gicas: esp\u00e9cie rara reencontrada nas Gal\u00e1pagos"},"content":{"rendered":"[et_pb_section fb_built=&#8221;1&#8243; admin_label=&#8221;section&#8221; _builder_version=&#8221;3.22&#8243;][et_pb_row admin_label=&#8221;row&#8221; _builder_version=&#8221;3.25&#8243; background_size=&#8221;initial&#8221; background_position=&#8221;top_left&#8221; background_repeat=&#8221;repeat&#8221; custom_padding=&#8221;30px|0px|27px|0px|false|false&#8221;][et_pb_column type=&#8221;4_4&#8243; _builder_version=&#8221;3.25&#8243; custom_padding=&#8221;|||&#8221; custom_padding__hover=&#8221;|||&#8221;][et_pb_text admin_label=&#8221;Text&#8221; _builder_version=&#8221;3.27.4&#8243; background_size=&#8221;initial&#8221; background_position=&#8221;top_left&#8221; background_repeat=&#8221;repeat&#8221;]\n<p style=\"text-align: justify;\">Se costumas estar atento a not\u00edcias que v\u00e3o aparecendo sobre descobertas extraordin\u00e1rias relacionadas com os <a href=\"https:\/\/web.afiwai.com\/rwp\/tag\/animais\/\">#animais<\/a>, e se gostas de saber mais sobre esses temas, principalmente quando se trata de esp\u00e9cies raras, \u00e9 caso para continuares a ler.<\/p>\n<div id=\"attachment_30633\" style=\"width: 290px; text-align: justify;\" class=\"wp-caption alignleft\">\n<p><img decoding=\"async\" loading=\"lazy\" aria-describedby=\"caption-attachment-30633\" class=\"wp-image-30633 size-full\" src=\"http:\/\/web.afiwai.com\/rwp\/wp-content\/uploads\/2019\/02\/52439629_10156132001511680_5465375682643099648_n.jpg\" alt=\"Chelonoidis phantasticus\" srcset=\"http:\/\/web.afiwai.com\/rwp\/wp-content\/uploads\/2019\/02\/52439629_10156132001511680_5465375682643099648_n.jpg 280w, http:\/\/web.afiwai.com\/rwp\/wp-content\/uploads\/2019\/02\/52439629_10156132001511680_5465375682643099648_n-225x300.jpg 225w\" sizes=\"(max-width: 280px) 100vw, 280px\" width=\"280\" height=\"373\" \/><\/p>\n<p id=\"caption-attachment-30633\" class=\"wp-caption-text\">Chelonoidis phantasticus<\/p>\n<\/div>\n<p style=\"text-align: justify;\"><span class=\"et_bloom_bottom_trigger\"><\/span><span class=\"et_social_bottom_trigger\"><\/span>Recentemente foi encontrado um exemplar pertencente \u00e0 esp\u00e9cie: #<em>Chelonoidis phantasticus<\/em>, talvez este nome n\u00e3o te diga nada, mas e se te disser que este fant\u00e1stico r\u00e9ptil pensava-se estar extinto, h\u00e1, nada mais, nada menos, que mais de\u2026 110 anos! Espera, ent\u00e3o quer dizer que afinal, este animal n\u00e3o est\u00e1 de facto, extinto? Mas isso s\u00e3o not\u00edcias espl\u00eandidas! Na ilha Fernandina, nas <a href=\"https:\/\/web.afiwai.com\/rwp\/tag\/galapagos\/\">#Gal\u00e1pagos<\/a>, segundo relatos, j\u00e1 n\u00e3o era avistado um exemplar desta esp\u00e9cie desde 1906. Numa expedi\u00e7\u00e3o recente \u00e0s ilhas, uma equipa encontrou uma f\u00eamea desta esp\u00e9cie, e um marco na <a href=\"https:\/\/web.afiwai.com\/rwp\/tag\/biologia\/\">#biologia<\/a> foi realizado.<\/p>\n<p style=\"text-align: justify;\">\n<div id=\"attachment_30634\" style=\"width: 290px;\" class=\"wp-caption alignright\">\n<p><img decoding=\"async\" loading=\"lazy\" aria-describedby=\"caption-attachment-30634\" class=\"wp-image-30634 size-full\" src=\"http:\/\/web.afiwai.com\/rwp\/wp-content\/uploads\/2019\/02\/52565921_10156132001866680_6272161026926444544_n.jpg\" alt=\"Chelonoidis phantasticus\" srcset=\"http:\/\/web.afiwai.com\/rwp\/wp-content\/uploads\/2019\/02\/52565921_10156132001866680_6272161026926444544_n.jpg 280w, http:\/\/web.afiwai.com\/rwp\/wp-content\/uploads\/2019\/02\/52565921_10156132001866680_6272161026926444544_n-225x300.jpg 225w\" sizes=\"(max-width: 280px) 100vw, 280px\" width=\"280\" height=\"373\" \/><\/p>\n<p id=\"caption-attachment-30634\" class=\"wp-caption-text\">Chelonoidis phantasticus<\/p>\n<\/div>\n<p><span class=\"et_bloom_bottom_trigger\"><\/span><span class=\"et_social_bottom_trigger\"><\/span><\/p>\n<p style=\"text-align: justify;\">O mais not\u00e1vel ainda \u00e9 que se pensa que este animal tem \u00e0 volta de\u2026 100 anos de idade! Pois \u00e9, as tartarugas t\u00eam uma longevidade bastante elevada, e algumas podem viver mais de cem anos. Talvez haja de novo uma esperan\u00e7a para a esp\u00e9cie. Aqui cria-se uma quest\u00e3o: ser\u00e1 a \u00fanica? Segundo not\u00edcias, membros da equipa tamb\u00e9m observaram rastos de trilhos pr\u00f3ximos do local, o que poder\u00e1 deixar a suposi\u00e7\u00e3o que existem mais indiv\u00edduos desta esp\u00e9cie na ilha. O que s\u00e3o not\u00edcias ainda melhores, pois as probabilidades de <a href=\"https:\/\/web.afiwai.com\/rwp\/tag\/reproducao\/\">#reprodu\u00e7\u00e3o<\/a> s\u00e3o maiores, e isso \u00e9 extremamente empolgante e esperan\u00e7oso para o destino da esp\u00e9cie. Podia-se supor que a maior amea\u00e7a a estes r\u00e9pteis em particular seria por exemplo a ca\u00e7a, como acontece em muitas <a href=\"https:\/\/web.afiwai.com\/rwp\/tag\/tartarugas\/\">#tartarugas<\/a>. S\u00f3 que, na verdade pensa-se que a maior amea\u00e7a \u00e0 esp\u00e9cie \u00e9 o local onde habita, devido aos fluxos de lava vulc\u00e2nica que muitas vezes cobrem a ilha. No entanto, estas novas not\u00edcias mostram que h\u00e1 esperan\u00e7a. E s\u00e3o estas not\u00edcias que nos fazem acreditar, e querer com mais vontade e certeza proteger os animais, que nos mostram muitas vezes a sua resili\u00eancia e luta constante pela sobreviv\u00eancia. S\u00e3o de facto, extraordin\u00e1rios.<\/p>\n[\/et_pb_text][\/et_pb_column][\/et_pb_row][\/et_pb_section]\n<span class=\"et_bloom_bottom_trigger\"><\/span>","protected":false},"excerpt":{"rendered":"<p>Se costumas estar atento a not\u00edcias que v\u00e3o aparecendo sobre descobertas extraordin\u00e1rias relacionadas com os #animais, e se gostas de saber mais sobre esses temas, principalmente quando se trata de esp\u00e9cies raras, \u00e9 caso para continuares a ler. Chelonoidis phantasticus Recentemente foi encontrado um exemplar pertencente \u00e0 esp\u00e9cie: #Chelonoidis phantasticus, talvez este nome n\u00e3o te diga nada, mas e se te disser que este fant\u00e1stico r\u00e9ptil pensava-se estar extinto, h\u00e1, nada mais, nada menos, que mais de\u2026 110 anos! Espera, ent\u00e3o quer dizer que afinal, este animal n\u00e3o est\u00e1 de facto, extinto? Mas isso s\u00e3o not\u00edcias espl\u00eandidas! Na ilha Fernandina, nas #Gal\u00e1pagos, segundo relatos, j\u00e1 n\u00e3o era avistado um exemplar desta esp\u00e9cie desde 1906. Numa expedi\u00e7\u00e3o recente \u00e0s ilhas, uma equipa encontrou uma f\u00eamea desta esp\u00e9cie, e um marco na #biologia foi realizado. Chelonoidis phantasticus O mais not\u00e1vel ainda \u00e9 que se pensa que este animal tem \u00e0 volta de\u2026 [&hellip;]<\/p>\n","protected":false},"author":3,"featured_media":30629,"comment_status":"open","ping_status":"open","sticky":false,"template":"","format":"standard","meta":{"_et_pb_use_builder":"on","_et_pb_old_content":"Se costumas estar atento a not\u00edcias que v\u00e3o aparecendo sobre descobertas extraordin\u00e1rias relacionadas com os animais, e se gostas de saber mais sobre esses temas, principalmente quando se trata de esp\u00e9cies raras, \u00e9 caso para continuares a ler.\r\n\r\n[caption id=\"attachment_30633\" align=\"alignleft\" width=\"280\"]<img class=\"wp-image-30633 size-full\" src=\"http:\/\/web.afiwai.com\/rwp\/wp-content\/uploads\/2019\/02\/52439629_10156132001511680_5465375682643099648_n.jpg\" alt=\"Chelonoidis phantasticus\" width=\"280\" height=\"373\" \/> Chelonoidis phantasticus[\/caption]\r\n\r\n[caption id=\"attachment_30634\" align=\"alignright\" width=\"280\"]<img class=\"wp-image-30634 size-full\" src=\"http:\/\/web.afiwai.com\/rwp\/wp-content\/uploads\/2019\/02\/52565921_10156132001866680_6272161026926444544_n.jpg\" alt=\"Chelonoidis phantasticus\" width=\"280\" height=\"373\" \/> Chelonoidis phantasticus[\/caption]\r\n\r\nRecentemente foi encontrado um exemplar pertencente \u00e0 esp\u00e9cie: <em>Chelonoidis phantasticus<\/em>, talvez este nome n\u00e3o te diga nada, mas e se te disser que este fant\u00e1stico r\u00e9ptil pensava-se estar extinto, h\u00e1, nada mais, nada menos, que mais de\u2026 110 anos! Espera, ent\u00e3o quer dizer que afinal, este animal n\u00e3o est\u00e1 de facto, extinto? Mas isso s\u00e3o not\u00edcias espl\u00eandidas! Na ilha Fernandina, nas Gal\u00e1pagos, segundo relatos, j\u00e1 n\u00e3o era avistado um exemplar desta esp\u00e9cie desde 1906. Numa expedi\u00e7\u00e3o recente \u00e0s ilhas, uma equipa encontrou uma f\u00eamea desta esp\u00e9cie, e um marco na biologia foi realizado.\r\n\r\nO mais not\u00e1vel ainda \u00e9 que se pensa que este animal tem \u00e0 volta de\u2026 100 anos de idade! Pois \u00e9, as tartarugas t\u00eam uma longevidade bastante elevada, e algumas podem viver mais de cem anos. Talvez haja de novo uma esperan\u00e7a para a esp\u00e9cie. Aqui cria-se uma quest\u00e3o: ser\u00e1 a \u00fanica? Segundo not\u00edcias, membros da equipa tamb\u00e9m observaram rastos de trilhos pr\u00f3ximos do local, o que poder\u00e1 deixar a suposi\u00e7\u00e3o que existem mais indiv\u00edduos desta esp\u00e9cie na ilha. O que s\u00e3o not\u00edcias ainda melhores, pois as probabilidades de reprodu\u00e7\u00e3o s\u00e3o maiores, e isso \u00e9 extremamente empolgante e esperan\u00e7oso para o destino da esp\u00e9cie. Podia-se supor que a maior amea\u00e7a a estes r\u00e9pteis em particular seria por exemplo a ca\u00e7a, como acontece em muitas tartarugas. S\u00f3 que, na verdade pensa-se que a maior amea\u00e7a \u00e0 esp\u00e9cie \u00e9 o local onde habita, devido aos fluxos de lava vulc\u00e2nica que muitas vezes cobrem a ilha. No entanto, estas novas not\u00edcias mostram que h\u00e1 esperan\u00e7a. E s\u00e3o estas not\u00edcias que nos fazem acreditar, e querer com mais vontade e certeza proteger os animais, que nos mostram muitas vezes a sua resili\u00eancia e luta constante pela sobreviv\u00eancia. S\u00e3o de facto, extraordin\u00e1rios.","_et_gb_content_width":""},"categories":[40],"tags":[257,121,262,263,264,124],"yoast_head":"<!-- This site is optimized with the Yoast SEO plugin v20.5 - https:\/\/yoast.com\/wordpress\/plugins\/seo\/ -->\n<title>Ilhas m\u00e1gicas: esp\u00e9cie rara reencontrada nas Gal\u00e1pagos - ReptilWorld Park [Portugal]<\/title>\n<meta name=\"description\" content=\"P\u00e1gina oficial do futuro 1\u00ba Reptilario de Portugal que est\u00e1 em prepara\u00e7\u00e3o! Not\u00edcias, Novidades, Desenvolvimento de Projetos, Blog, Ofertas de emprego, Busca de investidores. Mantenha-se informado e aprenda a conhecer os r\u00e9pteis. Um projeto grande est\u00e1 chegando. ReptilWorld Park [Portugal] - Um novo mundo abre-se agora!\" \/>\n<meta name=\"robots\" content=\"index, follow, max-snippet:-1, max-image-preview:large, max-video-preview:-1\" \/>\n<link rel=\"canonical\" href=\"https:\/\/web.afiwai.com\/rwp\/ilhas-magicas-especie-rara-reencontrada-nas-galapagos\/\" \/>\n<meta property=\"og:locale\" content=\"pt_PT\" \/>\n<meta property=\"og:type\" content=\"article\" \/>\n<meta property=\"og:title\" content=\"Ilhas m\u00e1gicas: esp\u00e9cie rara reencontrada nas Gal\u00e1pagos - ReptilWorld Park [Portugal]\" \/>\n<meta property=\"og:description\" content=\"P\u00e1gina oficial do futuro 1\u00ba Reptilario de Portugal que est\u00e1 em prepara\u00e7\u00e3o! Not\u00edcias, Novidades, Desenvolvimento de Projetos, Blog, Ofertas de emprego, Busca de investidores. Mantenha-se informado e aprenda a conhecer os r\u00e9pteis. Um projeto grande est\u00e1 chegando. ReptilWorld Park [Portugal] - Um novo mundo abre-se agora!\" \/>\n<meta property=\"og:url\" content=\"https:\/\/web.afiwai.com\/rwp\/ilhas-magicas-especie-rara-reencontrada-nas-galapagos\/\" \/>\n<meta property=\"og:site_name\" content=\"ReptilWorld Park [Portugal]\" \/>\n<meta property=\"article:publisher\" content=\"https:\/\/www.facebook.com\/reptilworldpark\/\" \/>\n<meta property=\"article:published_time\" content=\"2019-02-22T18:42:51+00:00\" \/>\n<meta property=\"article:modified_time\" content=\"2019-12-13T15:28:43+00:00\" \/>\n<meta property=\"og:image\" content=\"https:\/\/web.afiwai.com\/rwp\/wp-content\/uploads\/2019\/02\/52465993_10156131998561680_1907686217885941760_nBIS.jpg\" \/>\n\t<meta property=\"og:image:width\" content=\"777\" \/>\n\t<meta property=\"og:image:height\" content=\"583\" \/>\n\t<meta property=\"og:image:type\" content=\"image\/jpeg\" \/>\n<meta name=\"author\" content=\"Isadora Pombeiro\" \/>\n<meta name=\"twitter:card\" content=\"summary_large_image\" \/>\n<meta name=\"twitter:creator\" content=\"@ReptilWorldPark\" \/>\n<meta name=\"twitter:site\" content=\"@ReptilWorldPark\" \/>\n<meta name=\"twitter:label1\" content=\"Escrito por\" \/>\n\t<meta name=\"twitter:data1\" content=\"Isadora Pombeiro\" \/>\n\t<meta name=\"twitter:label2\" content=\"Tempo estimado de leitura\" \/>\n\t<meta name=\"twitter:data2\" content=\"2 minutos\" \/>\n<script type=\"application\/ld+json\" class=\"yoast-schema-graph\">{\"@context\":\"https:\/\/schema.org\",\"@graph\":[{\"@type\":\"Article\",\"@id\":\"https:\/\/web.afiwai.com\/rwp\/ilhas-magicas-especie-rara-reencontrada-nas-galapagos\/#article\",\"isPartOf\":{\"@id\":\"https:\/\/web.afiwai.com\/rwp\/ilhas-magicas-especie-rara-reencontrada-nas-galapagos\/\"},\"author\":{\"name\":\"Isadora Pombeiro\",\"@id\":\"https:\/\/web.afiwai.com\/rwp\/#\/schema\/person\/2165c37c91b75a4f8c8a0d2a715fd0ce\"},\"headline\":\"Ilhas m\u00e1gicas: esp\u00e9cie rara reencontrada nas Gal\u00e1pagos\",\"datePublished\":\"2019-02-22T18:42:51+00:00\",\"dateModified\":\"2019-12-13T15:28:43+00:00\",\"mainEntityOfPage\":{\"@id\":\"https:\/\/web.afiwai.com\/rwp\/ilhas-magicas-especie-rara-reencontrada-nas-galapagos\/\"},\"wordCount\":458,\"commentCount\":0,\"publisher\":{\"@id\":\"https:\/\/web.afiwai.com\/rwp\/#organization\"},\"keywords\":[\"animais\",\"biologia\",\"Chelonoidis\",\"Gal\u00e1pagos\",\"reprodu\u00e7\u00e3o\",\"tartarugas\"],\"articleSection\":[\"Blog\"],\"inLanguage\":\"pt-PT\",\"potentialAction\":[{\"@type\":\"CommentAction\",\"name\":\"Comment\",\"target\":[\"https:\/\/web.afiwai.com\/rwp\/ilhas-magicas-especie-rara-reencontrada-nas-galapagos\/#respond\"]}]},{\"@type\":\"WebPage\",\"@id\":\"https:\/\/web.afiwai.com\/rwp\/ilhas-magicas-especie-rara-reencontrada-nas-galapagos\/\",\"url\":\"https:\/\/web.afiwai.com\/rwp\/ilhas-magicas-especie-rara-reencontrada-nas-galapagos\/\",\"name\":\"Ilhas m\u00e1gicas: esp\u00e9cie rara reencontrada nas Gal\u00e1pagos - ReptilWorld Park [Portugal]\",\"isPartOf\":{\"@id\":\"https:\/\/web.afiwai.com\/rwp\/#website\"},\"datePublished\":\"2019-02-22T18:42:51+00:00\",\"dateModified\":\"2019-12-13T15:28:43+00:00\",\"description\":\"P\u00e1gina oficial do futuro 1\u00ba Reptilario de Portugal que est\u00e1 em prepara\u00e7\u00e3o! Not\u00edcias, Novidades, Desenvolvimento de Projetos, Blog, Ofertas de emprego, Busca de investidores. Mantenha-se informado e aprenda a conhecer os r\u00e9pteis. Um projeto grande est\u00e1 chegando. ReptilWorld Park [Portugal] - Um novo mundo abre-se agora!\",\"breadcrumb\":{\"@id\":\"https:\/\/web.afiwai.com\/rwp\/ilhas-magicas-especie-rara-reencontrada-nas-galapagos\/#breadcrumb\"},\"inLanguage\":\"pt-PT\",\"potentialAction\":[{\"@type\":\"ReadAction\",\"target\":[\"https:\/\/web.afiwai.com\/rwp\/ilhas-magicas-especie-rara-reencontrada-nas-galapagos\/\"]}]},{\"@type\":\"BreadcrumbList\",\"@id\":\"https:\/\/web.afiwai.com\/rwp\/ilhas-magicas-especie-rara-reencontrada-nas-galapagos\/#breadcrumb\",\"itemListElement\":[{\"@type\":\"ListItem\",\"position\":1,\"name\":\"Home\",\"item\":\"https:\/\/web.afiwai.com\/rwp\/\"},{\"@type\":\"ListItem\",\"position\":2,\"name\":\"Ilhas m\u00e1gicas: esp\u00e9cie rara reencontrada nas Gal\u00e1pagos\"}]},{\"@type\":\"WebSite\",\"@id\":\"https:\/\/web.afiwai.com\/rwp\/#website\",\"url\":\"https:\/\/web.afiwai.com\/rwp\/\",\"name\":\"ReptilWorld Park [Portugal]\",\"description\":\"Entra num mundo desconhecido !\",\"publisher\":{\"@id\":\"https:\/\/web.afiwai.com\/rwp\/#organization\"},\"potentialAction\":[{\"@type\":\"SearchAction\",\"target\":{\"@type\":\"EntryPoint\",\"urlTemplate\":\"https:\/\/web.afiwai.com\/rwp\/?s={search_term_string}\"},\"query-input\":\"required name=search_term_string\"}],\"inLanguage\":\"pt-PT\"},{\"@type\":\"Organization\",\"@id\":\"https:\/\/web.afiwai.com\/rwp\/#organization\",\"name\":\"ReptilWorld Park - O in\u00e9dito em Portugal\",\"url\":\"https:\/\/web.afiwai.com\/rwp\/\",\"logo\":{\"@type\":\"ImageObject\",\"inLanguage\":\"pt-PT\",\"@id\":\"https:\/\/web.afiwai.com\/rwp\/#\/schema\/logo\/image\/\",\"url\":\"https:\/\/web.afiwai.com\/rwp\/wp-content\/uploads\/2018\/12\/Logo-cam\u00e9l\u00e9on-750px.png\",\"contentUrl\":\"https:\/\/web.afiwai.com\/rwp\/wp-content\/uploads\/2018\/12\/Logo-cam\u00e9l\u00e9on-750px.png\",\"width\":750,\"height\":341,\"caption\":\"ReptilWorld Park - O in\u00e9dito em Portugal\"},\"image\":{\"@id\":\"https:\/\/web.afiwai.com\/rwp\/#\/schema\/logo\/image\/\"},\"sameAs\":[\"https:\/\/www.facebook.com\/reptilworldpark\/\",\"https:\/\/twitter.com\/ReptilWorldPark\",\"https:\/\/www.instagram.com\/reptilworld_park\/\",\"https:\/\/www.linkedin.com\/in\/reptilworldpark\/\",\"https:\/\/www.youtube.com\/channel\/UCGarBbU4GwhnxAl218yJmDA\"]},{\"@type\":\"Person\",\"@id\":\"https:\/\/web.afiwai.com\/rwp\/#\/schema\/person\/2165c37c91b75a4f8c8a0d2a715fd0ce\",\"name\":\"Isadora Pombeiro\",\"image\":{\"@type\":\"ImageObject\",\"inLanguage\":\"pt-PT\",\"@id\":\"https:\/\/web.afiwai.com\/rwp\/#\/schema\/person\/image\/\",\"url\":\"https:\/\/secure.gravatar.com\/avatar\/fe28481fdbde96410a81708c457e4d19?s=96&d=mm&r=g\",\"contentUrl\":\"https:\/\/secure.gravatar.com\/avatar\/fe28481fdbde96410a81708c457e4d19?s=96&d=mm&r=g\",\"caption\":\"Isadora Pombeiro\"},\"url\":\"https:\/\/web.afiwai.com\/rwp\/author\/isadora-pombeiro\/\"}]}<\/script>\n<!-- \/ Yoast SEO plugin. -->","yoast_head_json":{"title":"Ilhas m\u00e1gicas: esp\u00e9cie rara reencontrada nas Gal\u00e1pagos - ReptilWorld Park [Portugal]","description":"P\u00e1gina oficial do futuro 1\u00ba Reptilario de Portugal que est\u00e1 em prepara\u00e7\u00e3o! Not\u00edcias, Novidades, Desenvolvimento de Projetos, Blog, Ofertas de emprego, Busca de investidores. Mantenha-se informado e aprenda a conhecer os r\u00e9pteis. Um projeto grande est\u00e1 chegando. ReptilWorld Park [Portugal] - Um novo mundo abre-se agora!","robots":{"index":"index","follow":"follow","max-snippet":"max-snippet:-1","max-image-preview":"max-image-preview:large","max-video-preview":"max-video-preview:-1"},"canonical":"https:\/\/web.afiwai.com\/rwp\/ilhas-magicas-especie-rara-reencontrada-nas-galapagos\/","og_locale":"pt_PT","og_type":"article","og_title":"Ilhas m\u00e1gicas: esp\u00e9cie rara reencontrada nas Gal\u00e1pagos - ReptilWorld Park [Portugal]","og_description":"P\u00e1gina oficial do futuro 1\u00ba Reptilario de Portugal que est\u00e1 em prepara\u00e7\u00e3o! Not\u00edcias, Novidades, Desenvolvimento de Projetos, Blog, Ofertas de emprego, Busca de investidores. Mantenha-se informado e aprenda a conhecer os r\u00e9pteis. Um projeto grande est\u00e1 chegando. ReptilWorld Park [Portugal] - Um novo mundo abre-se agora!","og_url":"https:\/\/web.afiwai.com\/rwp\/ilhas-magicas-especie-rara-reencontrada-nas-galapagos\/","og_site_name":"ReptilWorld Park [Portugal]","article_publisher":"https:\/\/www.facebook.com\/reptilworldpark\/","article_published_time":"2019-02-22T18:42:51+00:00","article_modified_time":"2019-12-13T15:28:43+00:00","og_image":[{"width":777,"height":583,"url":"https:\/\/web.afiwai.com\/rwp\/wp-content\/uploads\/2019\/02\/52465993_10156131998561680_1907686217885941760_nBIS.jpg","type":"image\/jpeg"}],"author":"Isadora Pombeiro","twitter_card":"summary_large_image","twitter_creator":"@ReptilWorldPark","twitter_site":"@ReptilWorldPark","twitter_misc":{"Escrito por":"Isadora Pombeiro","Tempo estimado de leitura":"2 minutos"},"schema":{"@context":"https:\/\/schema.org","@graph":[{"@type":"Article","@id":"https:\/\/web.afiwai.com\/rwp\/ilhas-magicas-especie-rara-reencontrada-nas-galapagos\/#article","isPartOf":{"@id":"https:\/\/web.afiwai.com\/rwp\/ilhas-magicas-especie-rara-reencontrada-nas-galapagos\/"},"author":{"name":"Isadora Pombeiro","@id":"https:\/\/web.afiwai.com\/rwp\/#\/schema\/person\/2165c37c91b75a4f8c8a0d2a715fd0ce"},"headline":"Ilhas m\u00e1gicas: esp\u00e9cie rara reencontrada nas Gal\u00e1pagos","datePublished":"2019-02-22T18:42:51+00:00","dateModified":"2019-12-13T15:28:43+00:00","mainEntityOfPage":{"@id":"https:\/\/web.afiwai.com\/rwp\/ilhas-magicas-especie-rara-reencontrada-nas-galapagos\/"},"wordCount":458,"commentCount":0,"publisher":{"@id":"https:\/\/web.afiwai.com\/rwp\/#organization"},"keywords":["animais","biologia","Chelonoidis","Gal\u00e1pagos","reprodu\u00e7\u00e3o","tartarugas"],"articleSection":["Blog"],"inLanguage":"pt-PT","potentialAction":[{"@type":"CommentAction","name":"Comment","target":["https:\/\/web.afiwai.com\/rwp\/ilhas-magicas-especie-rara-reencontrada-nas-galapagos\/#respond"]}]},{"@type":"WebPage","@id":"https:\/\/web.afiwai.com\/rwp\/ilhas-magicas-especie-rara-reencontrada-nas-galapagos\/","url":"https:\/\/web.afiwai.com\/rwp\/ilhas-magicas-especie-rara-reencontrada-nas-galapagos\/","name":"Ilhas m\u00e1gicas: esp\u00e9cie rara reencontrada nas Gal\u00e1pagos - ReptilWorld Park [Portugal]","isPartOf":{"@id":"https:\/\/web.afiwai.com\/rwp\/#website"},"datePublished":"2019-02-22T18:42:51+00:00","dateModified":"2019-12-13T15:28:43+00:00","description":"P\u00e1gina oficial do futuro 1\u00ba Reptilario de Portugal que est\u00e1 em prepara\u00e7\u00e3o! Not\u00edcias, Novidades, Desenvolvimento de Projetos, Blog, Ofertas de emprego, Busca de investidores. Mantenha-se informado e aprenda a conhecer os r\u00e9pteis. Um projeto grande est\u00e1 chegando. ReptilWorld Park [Portugal] - Um novo mundo abre-se agora!","breadcrumb":{"@id":"https:\/\/web.afiwai.com\/rwp\/ilhas-magicas-especie-rara-reencontrada-nas-galapagos\/#breadcrumb"},"inLanguage":"pt-PT","potentialAction":[{"@type":"ReadAction","target":["https:\/\/web.afiwai.com\/rwp\/ilhas-magicas-especie-rara-reencontrada-nas-galapagos\/"]}]},{"@type":"BreadcrumbList","@id":"https:\/\/web.afiwai.com\/rwp\/ilhas-magicas-especie-rara-reencontrada-nas-galapagos\/#breadcrumb","itemListElement":[{"@type":"ListItem","position":1,"name":"Home","item":"https:\/\/web.afiwai.com\/rwp\/"},{"@type":"ListItem","position":2,"name":"Ilhas m\u00e1gicas: esp\u00e9cie rara reencontrada nas Gal\u00e1pagos"}]},{"@type":"WebSite","@id":"https:\/\/web.afiwai.com\/rwp\/#website","url":"https:\/\/web.afiwai.com\/rwp\/","name":"ReptilWorld Park [Portugal]","description":"Entra num mundo desconhecido !","publisher":{"@id":"https:\/\/web.afiwai.com\/rwp\/#organization"},"potentialAction":[{"@type":"SearchAction","target":{"@type":"EntryPoint","urlTemplate":"https:\/\/web.afiwai.com\/rwp\/?s={search_term_string}"},"query-input":"required name=search_term_string"}],"inLanguage":"pt-PT"},{"@type":"Organization","@id":"https:\/\/web.afiwai.com\/rwp\/#organization","name":"ReptilWorld Park - O in\u00e9dito em Portugal","url":"https:\/\/web.afiwai.com\/rwp\/","logo":{"@type":"ImageObject","inLanguage":"pt-PT","@id":"https:\/\/web.afiwai.com\/rwp\/#\/schema\/logo\/image\/","url":"https:\/\/web.afiwai.com\/rwp\/wp-content\/uploads\/2018\/12\/Logo-cam\u00e9l\u00e9on-750px.png","contentUrl":"https:\/\/web.afiwai.com\/rwp\/wp-content\/uploads\/2018\/12\/Logo-cam\u00e9l\u00e9on-750px.png","width":750,"height":341,"caption":"ReptilWorld Park - O in\u00e9dito em Portugal"},"image":{"@id":"https:\/\/web.afiwai.com\/rwp\/#\/schema\/logo\/image\/"},"sameAs":["https:\/\/www.facebook.com\/reptilworldpark\/","https:\/\/twitter.com\/ReptilWorldPark","https:\/\/www.instagram.com\/reptilworld_park\/","https:\/\/www.linkedin.com\/in\/reptilworldpark\/","https:\/\/www.youtube.com\/channel\/UCGarBbU4GwhnxAl218yJmDA"]},{"@type":"Person","@id":"https:\/\/web.afiwai.com\/rwp\/#\/schema\/person\/2165c37c91b75a4f8c8a0d2a715fd0ce","name":"Isadora Pombeiro","image":{"@type":"ImageObject","inLanguage":"pt-PT","@id":"https:\/\/web.afiwai.com\/rwp\/#\/schema\/person\/image\/","url":"https:\/\/secure.gravatar.com\/avatar\/fe28481fdbde96410a81708c457e4d19?s=96&d=mm&r=g","contentUrl":"https:\/\/secure.gravatar.com\/avatar\/fe28481fdbde96410a81708c457e4d19?s=96&d=mm&r=g","caption":"Isadora Pombeiro"},"url":"https:\/\/web.afiwai.com\/rwp\/author\/isadora-pombeiro\/"}]}},"_links":{"self":[{"href":"https:\/\/web.afiwai.com\/rwp\/wp-json\/wp\/v2\/posts\/30627"}],"collection":[{"href":"https:\/\/web.afiwai.com\/rwp\/wp-json\/wp\/v2\/posts"}],"about":[{"href":"https:\/\/web.afiwai.com\/rwp\/wp-json\/wp\/v2\/types\/post"}],"author":[{"embeddable":true,"href":"https:\/\/web.afiwai.com\/rwp\/wp-json\/wp\/v2\/users\/3"}],"replies":[{"embeddable":true,"href":"https:\/\/web.afiwai.com\/rwp\/wp-json\/wp\/v2\/comments?post=30627"}],"version-history":[{"count":14,"href":"https:\/\/web.afiwai.com\/rwp\/wp-json\/wp\/v2\/posts\/30627\/revisions"}],"predecessor-version":[{"id":31665,"href":"https:\/\/web.afiwai.com\/rwp\/wp-json\/wp\/v2\/posts\/30627\/revisions\/31665"}],"wp:featuredmedia":[{"embeddable":true,"href":"https:\/\/web.afiwai.com\/rwp\/wp-json\/wp\/v2\/media\/30629"}],"wp:attachment":[{"href":"https:\/\/web.afiwai.com\/rwp\/wp-json\/wp\/v2\/media?parent=30627"}],"wp:term":[{"taxonomy":"category","embeddable":true,"href":"https:\/\/web.afiwai.com\/rwp\/wp-json\/wp\/v2\/categories?post=30627"},{"taxonomy":"post_tag","embeddable":true,"href":"https:\/\/web.afiwai.com\/rwp\/wp-json\/wp\/v2\/tags?post=30627"}],"curies":[{"name":"wp","href":"https:\/\/api.w.org\/{rel}","templated":true}]}}