{"id":30678,"date":"2019-03-03T17:53:25","date_gmt":"2019-03-03T17:53:25","guid":{"rendered":"http:\/\/web.afiwai.com\/rwp\/?p=30678"},"modified":"2019-12-13T15:27:04","modified_gmt":"2019-12-13T15:27:04","slug":"a-aderencia-das-patas-nos-gekkonidae","status":"publish","type":"post","link":"https:\/\/web.afiwai.com\/rwp\/a-aderencia-das-patas-nos-gekkonidae\/","title":{"rendered":"A ader\u00eancia das patas \u2013 nos Gekkonidae"},"content":{"rendered":"[et_pb_section fb_built=&#8221;1&#8243; admin_label=&#8221;section&#8221; _builder_version=&#8221;3.22&#8243;][et_pb_row admin_label=&#8221;row&#8221; _builder_version=&#8221;3.25&#8243; background_size=&#8221;initial&#8221; background_position=&#8221;top_left&#8221; background_repeat=&#8221;repeat&#8221;][et_pb_column type=&#8221;4_4&#8243; _builder_version=&#8221;3.25&#8243; custom_padding=&#8221;|||&#8221; custom_padding__hover=&#8221;|||&#8221;][et_pb_text admin_label=&#8221;Text&#8221; _builder_version=&#8221;3.27.4&#8243; background_size=&#8221;initial&#8221; background_position=&#8221;top_left&#8221; background_repeat=&#8221;repeat&#8221;]\n<p style=\"text-align: justify;\">Ser\u00e1 que \u00e9 cola? <a href=\"https:\/\/web.afiwai.com\/rwp\/tag\/adesivo\/\">#Adesivo<\/a>? Ou talvez <a href=\"https:\/\/web.afiwai.com\/rwp\/tag\/ventosas\/\">#ventosas<\/a>? Ou mesmo unhas extremamente fortes que lhes fornecem habilidades estrondosas? Todas estas perguntas ficam na nossa cabe\u00e7a quando observamos uma <a href=\"https:\/\/web.afiwai.com\/rwp\/tag\/osga\/\">#osga<\/a> pendurada no teto! Desde logo simplesmente, deves pensar: \u201ccomo \u00e9 que ela n\u00e3o cai?\u201d E de facto, a minha quest\u00e3o de hoje \u00e9 exatamente essa, que habilidade t\u00eam estes <a href=\"https:\/\/web.afiwai.com\/rwp\/tag\/animais\/\">#animais<\/a> que lhes permite tal feito? J\u00e1 alguma vez foste apanhado de surpresa quando ias tirar cartas do correio e de repente apareceu uma amiguinha destas? Ou mesmo, nas tuas janelas, j\u00e1 alguma vez te deparaste com um ou mais exemplares destes na parede? Se viveres num pr\u00e9dio, e se pensares bem nisto, muitas vezes estes r\u00e9pteis est\u00e3o no segundo, terceiro andar, serenas, perto das janelas, ent\u00e3o elas tiveram que trepar a parede\u2026 \u00e9 caso para se dizer que s\u00e3o mestres em escalada!<\/p>\n<div id=\"attachment_30684\" style=\"width: 210px; text-align: justify;\" class=\"wp-caption alignleft\">\n<p><img decoding=\"async\" loading=\"lazy\" aria-describedby=\"caption-attachment-30684\" class=\"wp-image-30684 size-medium\" src=\"http:\/\/web.afiwai.com\/rwp\/wp-content\/uploads\/2019\/03\/malagasy-taggecko-653653_1920-200x300.jpg\" alt=\"Phelsuma madagascariensis\" srcset=\"http:\/\/web.afiwai.com\/rwp\/wp-content\/uploads\/2019\/03\/malagasy-taggecko-653653_1920-200x300.jpg 200w, http:\/\/web.afiwai.com\/rwp\/wp-content\/uploads\/2019\/03\/malagasy-taggecko-653653_1920-768x1149.jpg 768w, http:\/\/web.afiwai.com\/rwp\/wp-content\/uploads\/2019\/03\/malagasy-taggecko-653653_1920-684x1024.jpg 684w, http:\/\/web.afiwai.com\/rwp\/wp-content\/uploads\/2019\/03\/malagasy-taggecko-653653_1920-1080x1616.jpg 1080w, http:\/\/web.afiwai.com\/rwp\/wp-content\/uploads\/2019\/03\/malagasy-taggecko-653653_1920-610x913.jpg 610w, http:\/\/web.afiwai.com\/rwp\/wp-content\/uploads\/2019\/03\/malagasy-taggecko-653653_1920.jpg 1283w\" sizes=\"(max-width: 200px) 100vw, 200px\" width=\"200\" height=\"300\" \/><\/p>\n<p id=\"caption-attachment-30684\" class=\"wp-caption-text\"><em>Phelsuma madagascariensis<\/em><\/p>\n<\/div>\n<p><span class=\"et_bloom_bottom_trigger\"><\/span><span class=\"et_social_bottom_trigger\"><\/span><\/p>\n<p style=\"text-align: justify;\">E neste caso, n\u00e3o necessitam de diversos acess\u00f3rios que o Humano precisa quando faz uma atividade destas, pois elas t\u00eam as suas magn\u00edficas patas! Al\u00e9m disso, vertigens n\u00e3o \u00e9 algo que estes animais possuem, de facto! Estes animais aproximam-se muitas vezes das casas pois est\u00e3o \u00e1 ca\u00e7a de insetos, principalmente quem vive no campo e tem gado, sabe que o melhor para manter a popula\u00e7\u00e3o de insetos reduzida, s\u00e3o as <a href=\"https:\/\/web.afiwai.com\/rwp\/tag\/osgas\/\">#osgas<\/a>, por isso, lembra-te da import\u00e2ncia destas, no equil\u00edbrio dos ecossistemas que integram da pr\u00f3xima vez que te cruzares com um exemplar desta fam\u00edlia. Vamos ent\u00e3o saber mais sobre este tema t\u00e3o curioso dos fant\u00e1sticos <a href=\"https:\/\/web.afiwai.com\/rwp\/tag\/gekkonidae\/\">#Gekkonidae<\/a> (<a href=\"https:\/\/web.afiwai.com\/rwp\/tag\/geckos\/\">#geckos<\/a>, vulgarmente chamados de <a href=\"https:\/\/web.afiwai.com\/rwp\/tag\/osgas\/\">#osgas<\/a>). Na verdade, n\u00e3o \u00e9 cola que existe nas patas\u2026 nem adesivo ou ventosas\u2026 s\u00e3o, nada mais, nada menos, que\u2026 p\u00ealos! Os dedos dos geckos podem ser direitos e mais finos, ou variar, sendo curvos ou alargados ou at\u00e9 mesmo ter patas espalmadas. Na face inferior das patas, estes r\u00e9pteis t\u00eam fileiras de escamas constitu\u00eddas por in\u00fameros p\u00ealos extremamente pequenos, sendo estes ramificados por centenas de cerdas, cada uma termina numa placa em forma de disco \u2013 a esp\u00e1tula (em que se apoiam os dedos). S\u00e3o ent\u00e3o, at\u00e9 aqui, os p\u00ealos e as ramifica\u00e7\u00f5es (cerdas) que s\u00e3o respons\u00e1veis pela ades\u00e3o das osgas \u00e0s variadas superf\u00edcies. Paralelamente a isto, h\u00e1 outro mecanismo, estes r\u00e9pteis conseguem ligar\/desligar esta propriedade que possuem nas patas, pois, talvez j\u00e1 tenhas reparado que num momento uma osga est\u00e1 perfeitamente im\u00f3vel, e no outro j\u00e1 est\u00e1 a descocar-se rapidamente na parede. Como \u00e9 que faz isso? Tal como as <a href=\"https:\/\/web.afiwai.com\/rwp\/tag\/aranhas\/\">#aranhas<\/a> e <a href=\"https:\/\/web.afiwai.com\/rwp\/tag\/insetos\/\">#insetos<\/a>, estes <a href=\"https:\/\/web.afiwai.com\/rwp\/tag\/repteis\/\">#r\u00e9pteis<\/a> tamb\u00e9m desenvolveram, de forma independente, o mesmo sistema de ades\u00e3o.<\/p>\n<div id=\"attachment_30681\" style=\"width: 1930px; text-align: justify;\" class=\"wp-caption aligncenter\">\n<p><img decoding=\"async\" loading=\"lazy\" aria-describedby=\"caption-attachment-30681\" class=\"wp-image-30681 size-full\" src=\"http:\/\/web.afiwai.com\/rwp\/wp-content\/uploads\/2019\/03\/gecko-800887_1920.jpg\" alt=\"\" srcset=\"http:\/\/web.afiwai.com\/rwp\/wp-content\/uploads\/2019\/03\/gecko-800887_1920.jpg 1920w, http:\/\/web.afiwai.com\/rwp\/wp-content\/uploads\/2019\/03\/gecko-800887_1920-300x199.jpg 300w, http:\/\/web.afiwai.com\/rwp\/wp-content\/uploads\/2019\/03\/gecko-800887_1920-768x508.jpg 768w, http:\/\/web.afiwai.com\/rwp\/wp-content\/uploads\/2019\/03\/gecko-800887_1920-1024x678.jpg 1024w, http:\/\/web.afiwai.com\/rwp\/wp-content\/uploads\/2019\/03\/gecko-800887_1920-1080x715.jpg 1080w, http:\/\/web.afiwai.com\/rwp\/wp-content\/uploads\/2019\/03\/gecko-800887_1920-610x404.jpg 610w\" sizes=\"(max-width: 1920px) 100vw, 1920px\" width=\"1920\" height=\"1271\" \/><\/p>\n<p id=\"caption-attachment-30681\" class=\"wp-caption-text\">Pata de Gecko (<em>Phelsuma sp.<\/em>)<\/p>\n<\/div>\n<p><span class=\"et_bloom_bottom_trigger\"><\/span><span class=\"et_social_bottom_trigger\"><\/span><\/p>\n<p style=\"text-align: justify;\">Nem sempre se compreendeu como \u00e9 que estes animais conseguiam trepar, escalar, e permanecer de cabe\u00e7a para baixo, muitos estudos foram realizados com o intuito de revelar a verdadeira raz\u00e3o por detr\u00e1s deste mecanismo, seria atrito? Ader\u00eancia capilar? Atra\u00e7\u00e3o electroest\u00e1tica e for\u00e7as f\u00edsicas de Van der Waals (atra\u00e7\u00e3o\/repuls\u00e3o)? Estudos revelaram que for\u00e7as eletrost\u00e1ticas est\u00e3o presentes na ades\u00e3o das patas. P\u00ealos e cerdas podem deformar-se\/adaptar-se de modo a criar um maior contacto com superf\u00edcies mais rugosas, isto resulta, segundo estudos, em in\u00fameros locais de contacto, cada um destes carregando uma carga &#8211; da\u00ed se falar em for\u00e7as eletrost\u00e1ticas. \u00c9 quase como quando ficas com os \u201ccabelos em p\u00e9\u201d, e te dizem \u201cest\u00e1s com eletricidade est\u00e1tica\u201d, trata-se de f\u00edsica e qu\u00edmica. No ent\u00e3o, podes continuar com a d\u00favida: \u201ccomo \u00e9 que elas n\u00e3o caem?\u201d J\u00e1 compreendemos os mecanismos que as fazem conseguir escalar paredes, mas e no teto? De cabe\u00e7a para baixo, \u00e9 talvez, mais dif\u00edcil? Ser\u00e3o as quatro patas suficientes para aguentar o seu peso? Na verdade sim, sen\u00e3o n\u00e3o conseguiam permanecer assim. Uma curiosidade, a for\u00e7a (f\u00edsica e qu\u00edmica) dos p\u00ealos e cerdas que vos referi, \u00e9 intensa o suficiente para conseguir suportar um peso, segundo estudos, de cinquenta vezes superior ao do <a href=\"https:\/\/web.afiwai.com\/rwp\/tag\/animal\/\">#animal<\/a>. E isso \u00e9 de facto, impressionante.<\/p>\n<div id=\"attachment_30682\" style=\"width: 1930px; text-align: justify;\" class=\"wp-caption aligncenter\">\n<p><img decoding=\"async\" loading=\"lazy\" aria-describedby=\"caption-attachment-30682\" class=\"wp-image-30682 size-full\" src=\"http:\/\/web.afiwai.com\/rwp\/wp-content\/uploads\/2019\/03\/gecko-3155402_1920.jpg\" alt=\"Tarentola mauritanica\" srcset=\"http:\/\/web.afiwai.com\/rwp\/wp-content\/uploads\/2019\/03\/gecko-3155402_1920.jpg 1920w, http:\/\/web.afiwai.com\/rwp\/wp-content\/uploads\/2019\/03\/gecko-3155402_1920-300x225.jpg 300w, http:\/\/web.afiwai.com\/rwp\/wp-content\/uploads\/2019\/03\/gecko-3155402_1920-768x576.jpg 768w, http:\/\/web.afiwai.com\/rwp\/wp-content\/uploads\/2019\/03\/gecko-3155402_1920-1024x767.jpg 1024w, http:\/\/web.afiwai.com\/rwp\/wp-content\/uploads\/2019\/03\/gecko-3155402_1920-510x382.jpg 510w, http:\/\/web.afiwai.com\/rwp\/wp-content\/uploads\/2019\/03\/gecko-3155402_1920-1080x809.jpg 1080w, http:\/\/web.afiwai.com\/rwp\/wp-content\/uploads\/2019\/03\/gecko-3155402_1920-610x457.jpg 610w\" sizes=\"(max-width: 1920px) 100vw, 1920px\" width=\"1920\" height=\"1439\" \/><\/p>\n<p id=\"caption-attachment-30682\" class=\"wp-caption-text\"><em>Tarentola mauritanica<\/em><\/p>\n<\/div>\n<p><span class=\"et_bloom_bottom_trigger\"><\/span><span class=\"et_social_bottom_trigger\"><\/span><\/p>\n<p style=\"text-align: justify;\">E esta foi mais uma das fant\u00e1sticas habilidades que vos trouxe no artigo de hoje, que proporcionam aos r\u00e9pteis mecanismos bastante peculiares de sobreviv\u00eancia, que muitas vezes fazem a diferen\u00e7a entre viver ou n\u00e3o mais um dia, reproduzir-se ou n\u00e3o, passar ou n\u00e3o os genes \u00e0 descend\u00eancia e permanecer ou n\u00e3o a linhagem da esp\u00e9cie. \u00c9 uma cascata de acontecimentos.<\/p>\n<p style=\"text-align: justify;\">Mais informa\u00e7\u00f5es:\u00a0 <a href=\"https:\/\/academic.oup.com\/icb\/article\/42\/6\/1081\/698253\" target=\"_blank\" rel=\"noopener noreferrer\">https:\/\/academic.oup.com<\/a> e <a href=\"https:\/\/aip.scitation.org\/doi\/abs\/10.1063\/1.4892628?journalCode=jap&amp;\" target=\"_blank\" rel=\"noopener noreferrer\">https:\/\/aip.scitation.org<\/a><\/p>\n[\/et_pb_text][\/et_pb_column][\/et_pb_row][\/et_pb_section]\n<span class=\"et_bloom_bottom_trigger\"><\/span>","protected":false},"excerpt":{"rendered":"<p>Ser\u00e1 que \u00e9 cola? #Adesivo? Ou talvez #ventosas? Ou mesmo unhas extremamente fortes que lhes fornecem habilidades estrondosas? Todas estas perguntas ficam na nossa cabe\u00e7a quando observamos uma #osga pendurada no teto! Desde logo simplesmente, deves pensar: \u201ccomo \u00e9 que ela n\u00e3o cai?\u201d E de facto, a minha quest\u00e3o de hoje \u00e9 exatamente essa, que habilidade t\u00eam estes #animais que lhes permite tal feito? J\u00e1 alguma vez foste apanhado de surpresa quando ias tirar cartas do correio e de repente apareceu uma amiguinha destas? Ou mesmo, nas tuas janelas, j\u00e1 alguma vez te deparaste com um ou mais exemplares destes na parede? Se viveres num pr\u00e9dio, e se pensares bem nisto, muitas vezes estes r\u00e9pteis est\u00e3o no segundo, terceiro andar, serenas, perto das janelas, ent\u00e3o elas tiveram que trepar a parede\u2026 \u00e9 caso para se dizer que s\u00e3o mestres em escalada! Phelsuma madagascariensis E neste caso, n\u00e3o necessitam de diversos [&hellip;]<\/p>\n","protected":false},"author":3,"featured_media":30685,"comment_status":"open","ping_status":"open","sticky":false,"template":"","format":"standard","meta":{"_et_pb_use_builder":"on","_et_pb_old_content":"Ser\u00e1 que \u00e9 cola? Adesivo? Ou talvez ventosas? Ou mesmo unhas extremamente fortes que lhes fornecem habilidades estrondosas? Todas estas perguntas ficam na nossa cabe\u00e7a quando observamos uma osga pendurada no teto! Desde logo simplesmente, deves pensar: \u201ccomo \u00e9 que ela n\u00e3o cai?\u201d E de facto, a minha quest\u00e3o de hoje \u00e9 exatamente essa, que habilidade t\u00eam estes animais que lhes permite tal feito? J\u00e1 alguma vez foste apanhado de surpresa quando ias tirar cartas do correio e de repente apareceu uma amiguinha destas? Ou mesmo, nas tuas janelas, j\u00e1 alguma vez te deparaste com um ou mais exemplares destes na parede? Se viveres num pr\u00e9dio, e se pensares bem nisto, muitas vezes estes r\u00e9pteis est\u00e3o no segundo, terceiro andar, serenas, perto das janelas, ent\u00e3o elas tiveram que trepar a parede\u2026 \u00e9 caso para se dizer que s\u00e3o mestres em escalada!\r\n\r\n[caption id=\"attachment_30684\" align=\"alignleft\" width=\"200\"]<img class=\"wp-image-30684 size-medium\" src=\"http:\/\/web.afiwai.com\/rwp\/wp-content\/uploads\/2019\/03\/malagasy-taggecko-653653_1920-200x300.jpg\" alt=\"Phelsuma madagascariensis\" width=\"200\" height=\"300\" \/> <em>Phelsuma madagascariensis<\/em>[\/caption]\r\n\r\nE neste caso, n\u00e3o necessitam de diversos acess\u00f3rios que o Humano precisa quando faz uma atividade destas, pois elas t\u00eam as suas magn\u00edficas patas! Al\u00e9m disso, vertigens n\u00e3o \u00e9 algo que estes animais possuem, de facto! Estes animais aproximam-se muitas vezes das casas pois est\u00e3o \u00e1 ca\u00e7a de insetos, principalmente quem vive no campo e tem gado, sabe que o melhor para manter a popula\u00e7\u00e3o de insetos reduzida, s\u00e3o as osgas, por isso, lembra-te da import\u00e2ncia destas, no equil\u00edbrio dos ecossistemas que integram da pr\u00f3xima vez que te cruzares com um exemplar desta fam\u00edlia. Vamos ent\u00e3o saber mais sobre este tema t\u00e3o curioso dos fant\u00e1sticos Gekkonidae (geckos, vulgarmente chamados de osgas). Na verdade, n\u00e3o \u00e9 cola que existe nas patas\u2026 nem adesivo ou ventosas\u2026 s\u00e3o, nada mais, nada menos, que\u2026 p\u00ealos! Os dedos dos geckos podem ser direitos e mais finos, ou variar, sendo curvos ou alargados ou at\u00e9 mesmo ter patas espalmadas. Na face inferior das patas, estes r\u00e9pteis t\u00eam fileiras de escamas constitu\u00eddas por in\u00fameros p\u00ealos extremamente pequenos, sendo estes ramificados por centenas de cerdas, cada uma termina numa placa em forma de disco \u2013 a esp\u00e1tula (em que se apoiam os dedos). S\u00e3o ent\u00e3o, at\u00e9 aqui, os p\u00ealos e as ramifica\u00e7\u00f5es (cerdas) que s\u00e3o respons\u00e1veis pela ades\u00e3o das osgas \u00e0s variadas superf\u00edcies. Paralelamente a isto, h\u00e1 outro mecanismo, estes r\u00e9pteis conseguem ligar\/desligar esta propriedade que possuem nas patas, pois, talvez j\u00e1 tenhas reparado que num momento uma osga est\u00e1 perfeitamente im\u00f3vel, e no outro j\u00e1 est\u00e1 a descocar-se rapidamente na parede. Como \u00e9 que faz isso? Tal como as aranhas e insetos, estes r\u00e9pteis tamb\u00e9m desenvolveram, de forma independente, o mesmo sistema de ades\u00e3o.\r\n\r\n[caption id=\"attachment_30681\" align=\"aligncenter\" width=\"1920\"]<img class=\"wp-image-30681 size-full\" src=\"http:\/\/web.afiwai.com\/rwp\/wp-content\/uploads\/2019\/03\/gecko-800887_1920.jpg\" alt=\"\" width=\"1920\" height=\"1271\" \/> Pata de Gecko (<em>Phelsuma sp.<\/em>)[\/caption]\r\n\r\nNem sempre se compreendeu como \u00e9 que estes animais conseguiam trepar, escalar, e permanecer de cabe\u00e7a para baixo, muitos estudos foram realizados com o intuito de revelar a verdadeira raz\u00e3o por detr\u00e1s deste mecanismo, seria atrito? Ader\u00eancia capilar? Atra\u00e7\u00e3o electroest\u00e1tica e for\u00e7as f\u00edsicas de Van der Waals (atra\u00e7\u00e3o\/repuls\u00e3o)? Estudos revelaram que for\u00e7as eletrost\u00e1ticas est\u00e3o presentes na ades\u00e3o das patas. P\u00ealos e cerdas podem deformar-se\/adaptar-se de modo a criar um maior contacto com superf\u00edcies mais rugosas, isto resulta, segundo estudos, em in\u00fameros locais de contacto, cada um destes carregando uma carga - da\u00ed se falar em for\u00e7as eletrost\u00e1ticas. \u00c9 quase como quando ficas com os \u201ccabelos em p\u00e9\u201d, e te dizem \u201cest\u00e1s com eletricidade est\u00e1tica\u201d, trata-se de f\u00edsica e qu\u00edmica. No ent\u00e3o, podes continuar com a d\u00favida: \u201ccomo \u00e9 que elas n\u00e3o caem?\u201d J\u00e1 compreendemos os mecanismos que as fazem conseguir escalar paredes, mas e no teto? De cabe\u00e7a para baixo, \u00e9 talvez, mais dif\u00edcil? Ser\u00e3o as quatro patas suficientes para aguentar o seu peso? Na verdade sim, sen\u00e3o n\u00e3o conseguiam permanecer assim. Uma curiosidade, a for\u00e7a (f\u00edsica e qu\u00edmica) dos p\u00ealos e cerdas que vos referi, \u00e9 intensa o suficiente para conseguir suportar um peso, segundo estudos, de cinquenta vezes superior ao do animal. E isso \u00e9 de facto, impressionante.\r\n\r\n[caption id=\"attachment_30682\" align=\"aligncenter\" width=\"1920\"]<img class=\"wp-image-30682 size-full\" src=\"http:\/\/web.afiwai.com\/rwp\/wp-content\/uploads\/2019\/03\/gecko-3155402_1920.jpg\" alt=\"Tarentola mauritanica\" width=\"1920\" height=\"1439\" \/> <em>Tarentola mauritanica<\/em>[\/caption]\r\n\r\nE esta foi mais uma das fant\u00e1sticas habilidades que vos trouxe no artigo de hoje, que proporcionam aos r\u00e9pteis mecanismos bastante peculiares de sobreviv\u00eancia, que muitas vezes fazem a diferen\u00e7a entre viver ou n\u00e3o mais um dia, reproduzir-se ou n\u00e3o, passar ou n\u00e3o os genes \u00e0 descend\u00eancia e permanecer ou n\u00e3o a linhagem da esp\u00e9cie. \u00c9 uma cascata de acontecimentos.\r\n\r\nMais informa\u00e7\u00f5es:\u00a0 <a href=\"https:\/\/academic.oup.com\/icb\/article\/42\/6\/1081\/698253\" target=\"_blank\" rel=\"noopener noreferrer\">https:\/\/academic.oup.com<\/a> e <a href=\"https:\/\/aip.scitation.org\/doi\/abs\/10.1063\/1.4892628?journalCode=jap&amp;\" target=\"_blank\" rel=\"noopener noreferrer\">https:\/\/aip.scitation.org<\/a>","_et_gb_content_width":""},"categories":[40],"tags":[255,257,261,260,259,258,122,160,157,164,256],"yoast_head":"<!-- This site is optimized with the Yoast SEO plugin v20.5 - https:\/\/yoast.com\/wordpress\/plugins\/seo\/ -->\n<title>A ader\u00eancia das patas \u2013 nos Gekkonidae - ReptilWorld Park [Portugal]<\/title>\n<meta name=\"description\" content=\"P\u00e1gina oficial do futuro 1\u00ba Reptilario de Portugal que est\u00e1 em prepara\u00e7\u00e3o! Not\u00edcias, Novidades, Desenvolvimento de Projetos, Blog, Ofertas de emprego, Busca de investidores. Mantenha-se informado e aprenda a conhecer os r\u00e9pteis. Um projeto grande est\u00e1 chegando. ReptilWorld Park [Portugal] - Um novo mundo abre-se agora!\" \/>\n<meta name=\"robots\" content=\"index, follow, max-snippet:-1, max-image-preview:large, max-video-preview:-1\" \/>\n<link rel=\"canonical\" href=\"https:\/\/web.afiwai.com\/rwp\/a-aderencia-das-patas-nos-gekkonidae\/\" \/>\n<meta property=\"og:locale\" content=\"pt_PT\" \/>\n<meta property=\"og:type\" content=\"article\" \/>\n<meta property=\"og:title\" content=\"A ader\u00eancia das patas \u2013 nos Gekkonidae - ReptilWorld Park [Portugal]\" \/>\n<meta property=\"og:description\" content=\"P\u00e1gina oficial do futuro 1\u00ba Reptilario de Portugal que est\u00e1 em prepara\u00e7\u00e3o! Not\u00edcias, Novidades, Desenvolvimento de Projetos, Blog, Ofertas de emprego, Busca de investidores. Mantenha-se informado e aprenda a conhecer os r\u00e9pteis. Um projeto grande est\u00e1 chegando. ReptilWorld Park [Portugal] - Um novo mundo abre-se agora!\" \/>\n<meta property=\"og:url\" content=\"https:\/\/web.afiwai.com\/rwp\/a-aderencia-das-patas-nos-gekkonidae\/\" \/>\n<meta property=\"og:site_name\" content=\"ReptilWorld Park [Portugal]\" \/>\n<meta property=\"article:publisher\" content=\"https:\/\/www.facebook.com\/reptilworldpark\/\" \/>\n<meta property=\"article:published_time\" content=\"2019-03-03T17:53:25+00:00\" \/>\n<meta property=\"article:modified_time\" content=\"2019-12-13T15:27:04+00:00\" \/>\n<meta property=\"og:image\" content=\"https:\/\/web.afiwai.com\/rwp\/wp-content\/uploads\/2019\/03\/lizard-2732989_1920.jpg\" \/>\n\t<meta property=\"og:image:width\" content=\"1920\" \/>\n\t<meta property=\"og:image:height\" content=\"1440\" \/>\n\t<meta property=\"og:image:type\" content=\"image\/jpeg\" \/>\n<meta name=\"author\" content=\"Isadora Pombeiro\" \/>\n<meta name=\"twitter:card\" content=\"summary_large_image\" \/>\n<meta name=\"twitter:creator\" content=\"@ReptilWorldPark\" \/>\n<meta name=\"twitter:site\" content=\"@ReptilWorldPark\" \/>\n<meta name=\"twitter:label1\" content=\"Escrito por\" \/>\n\t<meta name=\"twitter:data1\" content=\"Isadora Pombeiro\" \/>\n\t<meta name=\"twitter:label2\" content=\"Tempo estimado de leitura\" \/>\n\t<meta name=\"twitter:data2\" content=\"4 minutos\" \/>\n<script type=\"application\/ld+json\" class=\"yoast-schema-graph\">{\"@context\":\"https:\/\/schema.org\",\"@graph\":[{\"@type\":\"Article\",\"@id\":\"https:\/\/web.afiwai.com\/rwp\/a-aderencia-das-patas-nos-gekkonidae\/#article\",\"isPartOf\":{\"@id\":\"https:\/\/web.afiwai.com\/rwp\/a-aderencia-das-patas-nos-gekkonidae\/\"},\"author\":{\"name\":\"Isadora Pombeiro\",\"@id\":\"https:\/\/web.afiwai.com\/rwp\/#\/schema\/person\/2165c37c91b75a4f8c8a0d2a715fd0ce\"},\"headline\":\"A ader\u00eancia das patas \u2013 nos Gekkonidae\",\"datePublished\":\"2019-03-03T17:53:25+00:00\",\"dateModified\":\"2019-12-13T15:27:04+00:00\",\"mainEntityOfPage\":{\"@id\":\"https:\/\/web.afiwai.com\/rwp\/a-aderencia-das-patas-nos-gekkonidae\/\"},\"wordCount\":864,\"commentCount\":0,\"publisher\":{\"@id\":\"https:\/\/web.afiwai.com\/rwp\/#organization\"},\"keywords\":[\"Adesivo\",\"animais\",\"animal\",\"aranhas\",\"geckos\",\"Gekkonidae\",\"insetos\",\"osga\",\"osgas\",\"r\u00e9pteis\",\"ventosas\"],\"articleSection\":[\"Blog\"],\"inLanguage\":\"pt-PT\",\"potentialAction\":[{\"@type\":\"CommentAction\",\"name\":\"Comment\",\"target\":[\"https:\/\/web.afiwai.com\/rwp\/a-aderencia-das-patas-nos-gekkonidae\/#respond\"]}]},{\"@type\":\"WebPage\",\"@id\":\"https:\/\/web.afiwai.com\/rwp\/a-aderencia-das-patas-nos-gekkonidae\/\",\"url\":\"https:\/\/web.afiwai.com\/rwp\/a-aderencia-das-patas-nos-gekkonidae\/\",\"name\":\"A ader\u00eancia das patas \u2013 nos Gekkonidae - ReptilWorld Park [Portugal]\",\"isPartOf\":{\"@id\":\"https:\/\/web.afiwai.com\/rwp\/#website\"},\"datePublished\":\"2019-03-03T17:53:25+00:00\",\"dateModified\":\"2019-12-13T15:27:04+00:00\",\"description\":\"P\u00e1gina oficial do futuro 1\u00ba Reptilario de Portugal que est\u00e1 em prepara\u00e7\u00e3o! Not\u00edcias, Novidades, Desenvolvimento de Projetos, Blog, Ofertas de emprego, Busca de investidores. Mantenha-se informado e aprenda a conhecer os r\u00e9pteis. Um projeto grande est\u00e1 chegando. ReptilWorld Park [Portugal] - Um novo mundo abre-se agora!\",\"breadcrumb\":{\"@id\":\"https:\/\/web.afiwai.com\/rwp\/a-aderencia-das-patas-nos-gekkonidae\/#breadcrumb\"},\"inLanguage\":\"pt-PT\",\"potentialAction\":[{\"@type\":\"ReadAction\",\"target\":[\"https:\/\/web.afiwai.com\/rwp\/a-aderencia-das-patas-nos-gekkonidae\/\"]}]},{\"@type\":\"BreadcrumbList\",\"@id\":\"https:\/\/web.afiwai.com\/rwp\/a-aderencia-das-patas-nos-gekkonidae\/#breadcrumb\",\"itemListElement\":[{\"@type\":\"ListItem\",\"position\":1,\"name\":\"Home\",\"item\":\"https:\/\/web.afiwai.com\/rwp\/\"},{\"@type\":\"ListItem\",\"position\":2,\"name\":\"A ader\u00eancia das patas \u2013 nos Gekkonidae\"}]},{\"@type\":\"WebSite\",\"@id\":\"https:\/\/web.afiwai.com\/rwp\/#website\",\"url\":\"https:\/\/web.afiwai.com\/rwp\/\",\"name\":\"ReptilWorld Park [Portugal]\",\"description\":\"Entra num mundo desconhecido !\",\"publisher\":{\"@id\":\"https:\/\/web.afiwai.com\/rwp\/#organization\"},\"potentialAction\":[{\"@type\":\"SearchAction\",\"target\":{\"@type\":\"EntryPoint\",\"urlTemplate\":\"https:\/\/web.afiwai.com\/rwp\/?s={search_term_string}\"},\"query-input\":\"required name=search_term_string\"}],\"inLanguage\":\"pt-PT\"},{\"@type\":\"Organization\",\"@id\":\"https:\/\/web.afiwai.com\/rwp\/#organization\",\"name\":\"ReptilWorld Park - O in\u00e9dito em Portugal\",\"url\":\"https:\/\/web.afiwai.com\/rwp\/\",\"logo\":{\"@type\":\"ImageObject\",\"inLanguage\":\"pt-PT\",\"@id\":\"https:\/\/web.afiwai.com\/rwp\/#\/schema\/logo\/image\/\",\"url\":\"https:\/\/web.afiwai.com\/rwp\/wp-content\/uploads\/2018\/12\/Logo-cam\u00e9l\u00e9on-750px.png\",\"contentUrl\":\"https:\/\/web.afiwai.com\/rwp\/wp-content\/uploads\/2018\/12\/Logo-cam\u00e9l\u00e9on-750px.png\",\"width\":750,\"height\":341,\"caption\":\"ReptilWorld Park - O in\u00e9dito em Portugal\"},\"image\":{\"@id\":\"https:\/\/web.afiwai.com\/rwp\/#\/schema\/logo\/image\/\"},\"sameAs\":[\"https:\/\/www.facebook.com\/reptilworldpark\/\",\"https:\/\/twitter.com\/ReptilWorldPark\",\"https:\/\/www.instagram.com\/reptilworld_park\/\",\"https:\/\/www.linkedin.com\/in\/reptilworldpark\/\",\"https:\/\/www.youtube.com\/channel\/UCGarBbU4GwhnxAl218yJmDA\"]},{\"@type\":\"Person\",\"@id\":\"https:\/\/web.afiwai.com\/rwp\/#\/schema\/person\/2165c37c91b75a4f8c8a0d2a715fd0ce\",\"name\":\"Isadora Pombeiro\",\"image\":{\"@type\":\"ImageObject\",\"inLanguage\":\"pt-PT\",\"@id\":\"https:\/\/web.afiwai.com\/rwp\/#\/schema\/person\/image\/\",\"url\":\"https:\/\/secure.gravatar.com\/avatar\/fe28481fdbde96410a81708c457e4d19?s=96&d=mm&r=g\",\"contentUrl\":\"https:\/\/secure.gravatar.com\/avatar\/fe28481fdbde96410a81708c457e4d19?s=96&d=mm&r=g\",\"caption\":\"Isadora Pombeiro\"},\"url\":\"https:\/\/web.afiwai.com\/rwp\/author\/isadora-pombeiro\/\"}]}<\/script>\n<!-- \/ Yoast SEO plugin. -->","yoast_head_json":{"title":"A ader\u00eancia das patas \u2013 nos Gekkonidae - ReptilWorld Park [Portugal]","description":"P\u00e1gina oficial do futuro 1\u00ba Reptilario de Portugal que est\u00e1 em prepara\u00e7\u00e3o! Not\u00edcias, Novidades, Desenvolvimento de Projetos, Blog, Ofertas de emprego, Busca de investidores. Mantenha-se informado e aprenda a conhecer os r\u00e9pteis. Um projeto grande est\u00e1 chegando. ReptilWorld Park [Portugal] - Um novo mundo abre-se agora!","robots":{"index":"index","follow":"follow","max-snippet":"max-snippet:-1","max-image-preview":"max-image-preview:large","max-video-preview":"max-video-preview:-1"},"canonical":"https:\/\/web.afiwai.com\/rwp\/a-aderencia-das-patas-nos-gekkonidae\/","og_locale":"pt_PT","og_type":"article","og_title":"A ader\u00eancia das patas \u2013 nos Gekkonidae - ReptilWorld Park [Portugal]","og_description":"P\u00e1gina oficial do futuro 1\u00ba Reptilario de Portugal que est\u00e1 em prepara\u00e7\u00e3o! Not\u00edcias, Novidades, Desenvolvimento de Projetos, Blog, Ofertas de emprego, Busca de investidores. Mantenha-se informado e aprenda a conhecer os r\u00e9pteis. Um projeto grande est\u00e1 chegando. ReptilWorld Park [Portugal] - Um novo mundo abre-se agora!","og_url":"https:\/\/web.afiwai.com\/rwp\/a-aderencia-das-patas-nos-gekkonidae\/","og_site_name":"ReptilWorld Park [Portugal]","article_publisher":"https:\/\/www.facebook.com\/reptilworldpark\/","article_published_time":"2019-03-03T17:53:25+00:00","article_modified_time":"2019-12-13T15:27:04+00:00","og_image":[{"width":1920,"height":1440,"url":"https:\/\/web.afiwai.com\/rwp\/wp-content\/uploads\/2019\/03\/lizard-2732989_1920.jpg","type":"image\/jpeg"}],"author":"Isadora Pombeiro","twitter_card":"summary_large_image","twitter_creator":"@ReptilWorldPark","twitter_site":"@ReptilWorldPark","twitter_misc":{"Escrito por":"Isadora Pombeiro","Tempo estimado de leitura":"4 minutos"},"schema":{"@context":"https:\/\/schema.org","@graph":[{"@type":"Article","@id":"https:\/\/web.afiwai.com\/rwp\/a-aderencia-das-patas-nos-gekkonidae\/#article","isPartOf":{"@id":"https:\/\/web.afiwai.com\/rwp\/a-aderencia-das-patas-nos-gekkonidae\/"},"author":{"name":"Isadora Pombeiro","@id":"https:\/\/web.afiwai.com\/rwp\/#\/schema\/person\/2165c37c91b75a4f8c8a0d2a715fd0ce"},"headline":"A ader\u00eancia das patas \u2013 nos Gekkonidae","datePublished":"2019-03-03T17:53:25+00:00","dateModified":"2019-12-13T15:27:04+00:00","mainEntityOfPage":{"@id":"https:\/\/web.afiwai.com\/rwp\/a-aderencia-das-patas-nos-gekkonidae\/"},"wordCount":864,"commentCount":0,"publisher":{"@id":"https:\/\/web.afiwai.com\/rwp\/#organization"},"keywords":["Adesivo","animais","animal","aranhas","geckos","Gekkonidae","insetos","osga","osgas","r\u00e9pteis","ventosas"],"articleSection":["Blog"],"inLanguage":"pt-PT","potentialAction":[{"@type":"CommentAction","name":"Comment","target":["https:\/\/web.afiwai.com\/rwp\/a-aderencia-das-patas-nos-gekkonidae\/#respond"]}]},{"@type":"WebPage","@id":"https:\/\/web.afiwai.com\/rwp\/a-aderencia-das-patas-nos-gekkonidae\/","url":"https:\/\/web.afiwai.com\/rwp\/a-aderencia-das-patas-nos-gekkonidae\/","name":"A ader\u00eancia das patas \u2013 nos Gekkonidae - ReptilWorld Park [Portugal]","isPartOf":{"@id":"https:\/\/web.afiwai.com\/rwp\/#website"},"datePublished":"2019-03-03T17:53:25+00:00","dateModified":"2019-12-13T15:27:04+00:00","description":"P\u00e1gina oficial do futuro 1\u00ba Reptilario de Portugal que est\u00e1 em prepara\u00e7\u00e3o! Not\u00edcias, Novidades, Desenvolvimento de Projetos, Blog, Ofertas de emprego, Busca de investidores. Mantenha-se informado e aprenda a conhecer os r\u00e9pteis. Um projeto grande est\u00e1 chegando. ReptilWorld Park [Portugal] - Um novo mundo abre-se agora!","breadcrumb":{"@id":"https:\/\/web.afiwai.com\/rwp\/a-aderencia-das-patas-nos-gekkonidae\/#breadcrumb"},"inLanguage":"pt-PT","potentialAction":[{"@type":"ReadAction","target":["https:\/\/web.afiwai.com\/rwp\/a-aderencia-das-patas-nos-gekkonidae\/"]}]},{"@type":"BreadcrumbList","@id":"https:\/\/web.afiwai.com\/rwp\/a-aderencia-das-patas-nos-gekkonidae\/#breadcrumb","itemListElement":[{"@type":"ListItem","position":1,"name":"Home","item":"https:\/\/web.afiwai.com\/rwp\/"},{"@type":"ListItem","position":2,"name":"A ader\u00eancia das patas \u2013 nos Gekkonidae"}]},{"@type":"WebSite","@id":"https:\/\/web.afiwai.com\/rwp\/#website","url":"https:\/\/web.afiwai.com\/rwp\/","name":"ReptilWorld Park [Portugal]","description":"Entra num mundo desconhecido !","publisher":{"@id":"https:\/\/web.afiwai.com\/rwp\/#organization"},"potentialAction":[{"@type":"SearchAction","target":{"@type":"EntryPoint","urlTemplate":"https:\/\/web.afiwai.com\/rwp\/?s={search_term_string}"},"query-input":"required name=search_term_string"}],"inLanguage":"pt-PT"},{"@type":"Organization","@id":"https:\/\/web.afiwai.com\/rwp\/#organization","name":"ReptilWorld Park - O in\u00e9dito em Portugal","url":"https:\/\/web.afiwai.com\/rwp\/","logo":{"@type":"ImageObject","inLanguage":"pt-PT","@id":"https:\/\/web.afiwai.com\/rwp\/#\/schema\/logo\/image\/","url":"https:\/\/web.afiwai.com\/rwp\/wp-content\/uploads\/2018\/12\/Logo-cam\u00e9l\u00e9on-750px.png","contentUrl":"https:\/\/web.afiwai.com\/rwp\/wp-content\/uploads\/2018\/12\/Logo-cam\u00e9l\u00e9on-750px.png","width":750,"height":341,"caption":"ReptilWorld Park - O in\u00e9dito em Portugal"},"image":{"@id":"https:\/\/web.afiwai.com\/rwp\/#\/schema\/logo\/image\/"},"sameAs":["https:\/\/www.facebook.com\/reptilworldpark\/","https:\/\/twitter.com\/ReptilWorldPark","https:\/\/www.instagram.com\/reptilworld_park\/","https:\/\/www.linkedin.com\/in\/reptilworldpark\/","https:\/\/www.youtube.com\/channel\/UCGarBbU4GwhnxAl218yJmDA"]},{"@type":"Person","@id":"https:\/\/web.afiwai.com\/rwp\/#\/schema\/person\/2165c37c91b75a4f8c8a0d2a715fd0ce","name":"Isadora Pombeiro","image":{"@type":"ImageObject","inLanguage":"pt-PT","@id":"https:\/\/web.afiwai.com\/rwp\/#\/schema\/person\/image\/","url":"https:\/\/secure.gravatar.com\/avatar\/fe28481fdbde96410a81708c457e4d19?s=96&d=mm&r=g","contentUrl":"https:\/\/secure.gravatar.com\/avatar\/fe28481fdbde96410a81708c457e4d19?s=96&d=mm&r=g","caption":"Isadora Pombeiro"},"url":"https:\/\/web.afiwai.com\/rwp\/author\/isadora-pombeiro\/"}]}},"_links":{"self":[{"href":"https:\/\/web.afiwai.com\/rwp\/wp-json\/wp\/v2\/posts\/30678"}],"collection":[{"href":"https:\/\/web.afiwai.com\/rwp\/wp-json\/wp\/v2\/posts"}],"about":[{"href":"https:\/\/web.afiwai.com\/rwp\/wp-json\/wp\/v2\/types\/post"}],"author":[{"embeddable":true,"href":"https:\/\/web.afiwai.com\/rwp\/wp-json\/wp\/v2\/users\/3"}],"replies":[{"embeddable":true,"href":"https:\/\/web.afiwai.com\/rwp\/wp-json\/wp\/v2\/comments?post=30678"}],"version-history":[{"count":11,"href":"https:\/\/web.afiwai.com\/rwp\/wp-json\/wp\/v2\/posts\/30678\/revisions"}],"predecessor-version":[{"id":31662,"href":"https:\/\/web.afiwai.com\/rwp\/wp-json\/wp\/v2\/posts\/30678\/revisions\/31662"}],"wp:featuredmedia":[{"embeddable":true,"href":"https:\/\/web.afiwai.com\/rwp\/wp-json\/wp\/v2\/media\/30685"}],"wp:attachment":[{"href":"https:\/\/web.afiwai.com\/rwp\/wp-json\/wp\/v2\/media?parent=30678"}],"wp:term":[{"taxonomy":"category","embeddable":true,"href":"https:\/\/web.afiwai.com\/rwp\/wp-json\/wp\/v2\/categories?post=30678"},{"taxonomy":"post_tag","embeddable":true,"href":"https:\/\/web.afiwai.com\/rwp\/wp-json\/wp\/v2\/tags?post=30678"}],"curies":[{"name":"wp","href":"https:\/\/api.w.org\/{rel}","templated":true}]}}