{"id":30924,"date":"2019-03-16T12:50:47","date_gmt":"2019-03-16T12:50:47","guid":{"rendered":"http:\/\/web.afiwai.com\/rwp\/?p=30924"},"modified":"2019-12-13T15:17:59","modified_gmt":"2019-12-13T15:17:59","slug":"cacadoras-eximias-as-fantasticas-percecoes-sensoriais-dos-ofidios","status":"publish","type":"post","link":"https:\/\/web.afiwai.com\/rwp\/cacadoras-eximias-as-fantasticas-percecoes-sensoriais-dos-ofidios\/","title":{"rendered":"Ca\u00e7adoras ex\u00edmias \u2013 as fant\u00e1sticas perce\u00e7\u00f5es sensoriais dos of\u00eddios"},"content":{"rendered":"[et_pb_section fb_built=&#8221;1&#8243; admin_label=&#8221;section&#8221; _builder_version=&#8221;3.22&#8243;][et_pb_row admin_label=&#8221;row&#8221; _builder_version=&#8221;3.25&#8243; background_size=&#8221;initial&#8221; background_position=&#8221;top_left&#8221; background_repeat=&#8221;repeat&#8221;][et_pb_column type=&#8221;4_4&#8243; _builder_version=&#8221;3.25&#8243; custom_padding=&#8221;|||&#8221; custom_padding__hover=&#8221;|||&#8221;][et_pb_text admin_label=&#8221;Text&#8221; _builder_version=&#8221;3.27.4&#8243; background_size=&#8221;initial&#8221; background_position=&#8221;top_left&#8221; background_repeat=&#8221;repeat&#8221;]\n<p>Olfato. Vis\u00e3o. Audi\u00e7\u00e3o. Paladar. Tato.<\/p>\n<p style=\"text-align: justify;\">Os cinco sentidos, correto? No entanto, para al\u00e9m da vis\u00e3o, olfato, tato, paladar e audi\u00e7\u00e3o, as serpentes t\u00eam outras invulgares vias de recolher informa\u00e7\u00e3o do seu meio envolvente. A dieta dos <a href=\"https:\/\/web.afiwai.com\/rwp\/tag\/ofidios\/\">#of\u00eddios<\/a> (grupo que integra as <a href=\"https:\/\/web.afiwai.com\/rwp\/tag\/serpentes\/\">#serpentes<\/a>) \u00e9 muito diversificada, todos se alimentam de animais, s\u00f3 que alguns t\u00eam o corpo adaptado a um determinado tipo de presas, como por exemplo esp\u00e9cies que matam por constri\u00e7\u00e3o \u2013 podendo alimentar-se desde ratos a veados, dependendo da sua dimens\u00e3o corporal. Existem of\u00eddios que apenas se alimentam de r\u00e3s, ou peixes, ou mesmo <a href=\"https:\/\/web.afiwai.com\/rwp\/tag\/caracois\/\">#carac\u00f3is<\/a>! Outros alimentam-se de ovos, e no artigo: \u201cFlexibilidade das <a href=\"https:\/\/web.afiwai.com\/rwp\/tag\/mandibulas\/\">#mand\u00edbulas<\/a> \u2013 nos <a href=\"https:\/\/web.afiwai.com\/rwp\/tag\/ofidios\/\">#of\u00eddios<\/a>\u201d referi tudo isso, e ficaste a saber mais sobre estes fant\u00e1sticos animais. Para completar esse tema, neste artigo vou-vos falar de como \u00e9 que estas ca\u00e7adoras conseguem chegar at\u00e9 \u00e0s presas, como percecionam onde elas se encontram, e como captam as <a href=\"https:\/\/web.afiwai.com\/rwp\/tag\/vibracoes\/\">#vibra\u00e7\u00f5es<\/a> do ambiente. Interessante, n\u00e3o \u00e9? Vamos ent\u00e3o, saber mais sobre os <a href=\"https:\/\/web.afiwai.com\/rwp\/tag\/orgaos\/\">#\u00f3rg\u00e3os<\/a> dos sentidos nas <a href=\"https:\/\/web.afiwai.com\/rwp\/tag\/serpentes\/\">#serpentes<\/a>!<\/p>\n<p style=\"text-align: justify;\">Todos os <a href=\"https:\/\/web.afiwai.com\/rwp\/tag\/ofidios\/\">#of\u00eddios<\/a> possuem caracter\u00edsticas sensoriais pr\u00f3prias que servem para detetar as suas presas. Os olhos da maioria das <a href=\"https:\/\/web.afiwai.com\/rwp\/tag\/serpentes\/\">#serpentes<\/a> quer diurnas ou noturnas, s\u00e3o bastante pequenos, no entanto h\u00e1 exce\u00e7\u00f5es, existem of\u00eddios com os olhos grandes, pupilas redondas, e em algumas esp\u00e9cies que habitam em locais fortemente ensolarados, a retina \u00e9 protegida por uma lente de cor cinzento-\u00e2mbar. Of\u00eddios fossadores s\u00e3o capazes de ouvir a presa a remexer a terra, no entanto, regra geral estes <a href=\"https:\/\/web.afiwai.com\/rwp\/tag\/repteis\/\">#r\u00e9pteis<\/a> n\u00e3o usam os ouvidos para detetarem presas \u2013 essa fun\u00e7\u00e3o encontra-se confiada a outros sentidos, bastante impressionantes, queres saber quais? Bom, com certeza j\u00e1 observaste um <a href=\"https:\/\/web.afiwai.com\/rwp\/tag\/ofidio\/\">#of\u00eddio<\/a> com a l\u00edngua de fora, reparaste no formato da l\u00edngua? N\u00e3o \u00e9 uma l\u00edngua igual \u00e0 tua, pois n\u00e3o? Trata-se de uma l\u00edngua <a href=\"https:\/\/web.afiwai.com\/rwp\/tag\/bifida\/\">#b\u00edfida<\/a>. Para que serve? Ser\u00e1 que sente o sabor dos alimentos como a tua l\u00edngua? Na verdade, esta l\u00edngua \u00e9 especial, trata-se de um \u00f3rg\u00e3o t\u00e1ctil, serve sobretudo para captar sinais qu\u00edmicos do ambiente, e as mol\u00e9culas recolhidas no ar ou no solo s\u00e3o analisadas pelo \u00f3rg\u00e3o de <a href=\"https:\/\/web.afiwai.com\/rwp\/tag\/jacobson\/\">#Jacobson<\/a> \u2013 localizado no palato \u2013 que d\u00e1 ao <a href=\"https:\/\/web.afiwai.com\/rwp\/tag\/reptil\/\">#r\u00e9ptil<\/a> a possibilidade de perseguir uma presa, reconhecer a presen\u00e7a de um <a href=\"https:\/\/web.afiwai.com\/rwp\/tag\/predador\/\">#predador<\/a> ou encontrar um(a) poss\u00edvel companheiro(a)<\/p>\n<p style=\"text-align: justify;\"><div id=\"attachment_30929\" style=\"width: 1930px\" class=\"wp-caption aligncenter\"><img decoding=\"async\" loading=\"lazy\" aria-describedby=\"caption-attachment-30929\" class=\"size-full wp-image-30929\" src=\"http:\/\/web.afiwai.com\/rwp\/wp-content\/uploads\/2019\/03\/crotalus-mitchelli.jpg\" alt=\"crotalus mitchelli\" width=\"1920\" height=\"1280\" srcset=\"https:\/\/web.afiwai.com\/rwp\/wp-content\/uploads\/2019\/03\/crotalus-mitchelli.jpg 1920w, https:\/\/web.afiwai.com\/rwp\/wp-content\/uploads\/2019\/03\/crotalus-mitchelli-300x200.jpg 300w, https:\/\/web.afiwai.com\/rwp\/wp-content\/uploads\/2019\/03\/crotalus-mitchelli-768x512.jpg 768w, https:\/\/web.afiwai.com\/rwp\/wp-content\/uploads\/2019\/03\/crotalus-mitchelli-1024x683.jpg 1024w, https:\/\/web.afiwai.com\/rwp\/wp-content\/uploads\/2019\/03\/crotalus-mitchelli-1080x720.jpg 1080w, https:\/\/web.afiwai.com\/rwp\/wp-content\/uploads\/2019\/03\/crotalus-mitchelli-610x407.jpg 610w\" sizes=\"(max-width: 1920px) 100vw, 1920px\" \/><p id=\"caption-attachment-30929\" class=\"wp-caption-text\">#<em>crotalus mitchelli<\/em><\/p><\/div>\n<p style=\"text-align: justify;\">\n<p style=\"text-align: justify;\">Nalgumas esp\u00e9cies, a vis\u00e3o e a audi\u00e7\u00e3o s\u00e3o relativamente fracas, no entanto todas elas possuem o paladar e o <a href=\"https:\/\/web.afiwai.com\/rwp\/tag\/olfato\/\">#olfato<\/a> bastante desenvolvidos. A l\u00edngua b\u00edfida permite tamb\u00e9m compensar estas car\u00eancias sensoriais que possuem. Os of\u00eddios n\u00e3o t\u00eam <a href=\"https:\/\/web.afiwai.com\/rwp\/tag\/palpebras\/\">#p\u00e1lpebras<\/a>, mas sim membranas transparentes que lhes cobrem os olhos. A sensibilidade do sentido da vis\u00e3o pode variar. Algumas esp\u00e9cies mal conseguem distinguir a luz ao passo que outras, de h\u00e1bitos diurnos ou <a href=\"https:\/\/web.afiwai.com\/rwp\/tag\/arboricolas\/\">#arbor\u00edcolas<\/a>, possuem uma excelente perspic\u00e1cia visual, embora na maioria sejam mais sens\u00edveis ao movimento que \u00e0s formas, em si, podemos ent\u00e3o partir do princ\u00edpio que os \u00f3rg\u00e3os dos sentidos destes animais est\u00e3o relativamente adaptados ao ambiente onde estes r\u00e9pteis vivem, ou seja, h\u00e1 varia\u00e7\u00e3o entre eles, n\u00e3o h\u00e1 uma regra geral que os defina a todos, e isso \u00e9 muito importante em <a href=\"https:\/\/web.afiwai.com\/rwp\/tag\/biologia\/\">#biologia<\/a>, termos sempre em conta que nada \u00e9 fixo, existem sempre exce\u00e7\u00f5es \u00e0 regra, que t\u00eam que ser tidas em considera\u00e7\u00e3o quando se tentam fazer generaliza\u00e7\u00f5es.<\/p>\n<p style=\"text-align: justify;\"><div id=\"attachment_30927\" style=\"width: 1930px\" class=\"wp-caption aligncenter\"><img decoding=\"async\" loading=\"lazy\" aria-describedby=\"caption-attachment-30927\" class=\"size-full wp-image-30927\" src=\"http:\/\/web.afiwai.com\/rwp\/wp-content\/uploads\/2019\/03\/snake-540656_1920.jpg\" alt=\"Corallus caninus\" width=\"1920\" height=\"1279\" srcset=\"https:\/\/web.afiwai.com\/rwp\/wp-content\/uploads\/2019\/03\/snake-540656_1920.jpg 1920w, https:\/\/web.afiwai.com\/rwp\/wp-content\/uploads\/2019\/03\/snake-540656_1920-300x200.jpg 300w, https:\/\/web.afiwai.com\/rwp\/wp-content\/uploads\/2019\/03\/snake-540656_1920-768x512.jpg 768w, https:\/\/web.afiwai.com\/rwp\/wp-content\/uploads\/2019\/03\/snake-540656_1920-1024x682.jpg 1024w, https:\/\/web.afiwai.com\/rwp\/wp-content\/uploads\/2019\/03\/snake-540656_1920-1080x719.jpg 1080w, https:\/\/web.afiwai.com\/rwp\/wp-content\/uploads\/2019\/03\/snake-540656_1920-610x406.jpg 610w\" sizes=\"(max-width: 1920px) 100vw, 1920px\" \/><p id=\"caption-attachment-30927\" class=\"wp-caption-text\">#<em>Corallus caninus<\/em><\/p><\/div>\n<p style=\"text-align: justify;\">\n<p style=\"text-align: justify;\">Algumas esp\u00e9cies noturnas t\u00eam a pupila do olho em forma el\u00edptica, orientada verticalmente, abrindo-se bastante quando a ilumina\u00e7\u00e3o \u00e9 fraca. <a href=\"https:\/\/web.afiwai.com\/rwp\/tag\/ofidios\/\">#Of\u00eddios<\/a>, desprovidos de ouvidos externos, s\u00e3o bastante sens\u00edveis a frequ\u00eancias baixas, no entanto n\u00e3o distinguem os sons das frequ\u00eancias altas, como \u00e9 o exemplo da fant\u00e1stica cascavel, este r\u00e9ptil \u00e9 caracter\u00edstico de fazer o som de \u201cguizos\u201d com a cauda, no entanto, n\u00e3o os ouve. Estas caracter\u00edsticas impressionantes tornam estes <a href=\"https:\/\/web.afiwai.com\/rwp\/tag\/repteis\/\">#r\u00e9pteis<\/a> ex\u00edmios ca\u00e7adores mas n\u00e3o acaba aqui, pois \u00e9, h\u00e1 mais! Sabias que, por exemplo, a pit\u00e3o \u00e9 um of\u00eddio que beneficia da estrondosa capacidade de conseguir detetar fontes de calor? S\u00e3o dotados de um sistema sensorial que lhes permite detetar raios infravermelhos, mas como? Estes animais t\u00eam uma fosseta termossens\u00edvel situada entre o olho e a narina nalgumas esp\u00e9cies, ou no \u201cl\u00e1bio\u201d, noutras esp\u00e9cies. Esta capacidade de extrema sensibilidade permite a estes ca\u00e7adores detetar presas, em plena escurid\u00e3o.<\/p>\n<p style=\"text-align: justify;\">E \u00e9 por estas e outras caracter\u00edsticas que estes r\u00e9pteis s\u00e3o considerados <a href=\"https:\/\/web.afiwai.com\/rwp\/tag\/cacadores\/\">#ca\u00e7adores<\/a> ex\u00edmios. S\u00e3o animais not\u00e1veis e extremamente interessantes, no entanto, j\u00e1 sabes que h\u00e1 sempre mais para descobrir sobre o fascinante mundo dos <a href=\"https:\/\/web.afiwai.com\/rwp\/tag\/repteis\/\">#r\u00e9pteis<\/a>, continua atento \u00e0s novidades, vale tanto a pena, n\u00e3o vale?<\/p>\n[\/et_pb_text][\/et_pb_column][\/et_pb_row][\/et_pb_section]\n<span class=\"et_bloom_bottom_trigger\"><\/span>","protected":false},"excerpt":{"rendered":"<p>Olfato. Vis\u00e3o. Audi\u00e7\u00e3o. Paladar. Tato. Os cinco sentidos, correto? No entanto, para al\u00e9m da vis\u00e3o, olfato, tato, paladar e audi\u00e7\u00e3o, as serpentes t\u00eam outras invulgares vias de recolher informa\u00e7\u00e3o do seu meio envolvente. A dieta dos #of\u00eddios (grupo que integra as #serpentes) \u00e9 muito diversificada, todos se alimentam de animais, s\u00f3 que alguns t\u00eam o corpo adaptado a um determinado tipo de presas, como por exemplo esp\u00e9cies que matam por constri\u00e7\u00e3o \u2013 podendo alimentar-se desde ratos a veados, dependendo da sua dimens\u00e3o corporal. Existem of\u00eddios que apenas se alimentam de r\u00e3s, ou peixes, ou mesmo #carac\u00f3is! Outros alimentam-se de ovos, e no artigo: \u201cFlexibilidade das #mand\u00edbulas \u2013 nos #of\u00eddios\u201d referi tudo isso, e ficaste a saber mais sobre estes fant\u00e1sticos animais. Para completar esse tema, neste artigo vou-vos falar de como \u00e9 que estas ca\u00e7adoras conseguem chegar at\u00e9 \u00e0s presas, como percecionam onde elas se encontram, e como captam as [&hellip;]<\/p>\n","protected":false},"author":3,"featured_media":30925,"comment_status":"open","ping_status":"open","sticky":false,"template":"","format":"standard","meta":{"_et_pb_use_builder":"on","_et_pb_old_content":"Olfato. Vis\u00e3o. Audi\u00e7\u00e3o. Paladar. Tato.\r\n\r\nOs cinco sentidos, correto? No entanto, para al\u00e9m da vis\u00e3o, olfato, tato, paladar e audi\u00e7\u00e3o, as serpentes t\u00eam outras invulgares vias de recolher informa\u00e7\u00e3o do seu meio envolvente. A dieta dos of\u00eddios (grupo que integra as serpentes) \u00e9 muito diversificada, todos se alimentam de animais, s\u00f3 que alguns t\u00eam o corpo adaptado a um determinado tipo de presas, como por exemplo esp\u00e9cies que matam por constri\u00e7\u00e3o \u2013 podendo alimentar-se desde ratos a veados, dependendo da sua dimens\u00e3o corporal. Existem of\u00eddios que apenas se alimentam de r\u00e3s, ou peixes, ou mesmo carac\u00f3is! Outros alimentam-se de ovos, e no artigo: \u201cFlexibilidade das mand\u00edbulas \u2013 nos of\u00eddios\u201d referi tudo isso, e ficaste a saber mais sobre estes fant\u00e1sticos animais. Para completar esse tema, neste artigo vou-vos falar de como \u00e9 que estas ca\u00e7adoras conseguem chegar at\u00e9 \u00e0s presas, como percecionam onde elas se encontram, e como captam as vibra\u00e7\u00f5es do ambiente. Interessante, n\u00e3o \u00e9? Vamos ent\u00e3o, saber mais sobre os \u00f3rg\u00e3os dos sentidos nas serpentes!\r\n\r\nTodos os of\u00eddios possuem caracter\u00edsticas sensoriais pr\u00f3prias que servem para detetar as suas presas. Os olhos da maioria das serpentes quer diurnas ou noturnas, s\u00e3o bastante pequenos, no entanto h\u00e1 exce\u00e7\u00f5es, existem of\u00eddios com os olhos grandes, pupilas redondas, e em algumas esp\u00e9cies que habitam em locais fortemente ensolarados, a retina \u00e9 protegida por uma lente de cor cinzento-\u00e2mbar. Of\u00eddios fossadores s\u00e3o capazes de ouvir a presa a remexer a terra, no entanto, regra geral estes r\u00e9pteis n\u00e3o usam os ouvidos para detetarem presas \u2013 essa fun\u00e7\u00e3o encontra-se confiada a outros sentidos, bastante impressionantes, queres saber quais? Bom, com certeza j\u00e1 observaste um of\u00eddio com a l\u00edngua de fora, reparaste no formato da l\u00edngua? N\u00e3o \u00e9 uma l\u00edngua igual \u00e0 tua, pois n\u00e3o? Trata-se de uma l\u00edngua b\u00edfida. Para que serve? Ser\u00e1 que sente o sabor dos alimentos como a tua l\u00edngua? Na verdade, esta l\u00edngua \u00e9 especial, trata-se de um \u00f3rg\u00e3o t\u00e1ctil, serve sobretudo para captar sinais qu\u00edmicos do ambiente, e as mol\u00e9culas recolhidas no ar ou no solo s\u00e3o analisadas pelo \u00f3rg\u00e3o de Jacobson \u2013 localizado no palato \u2013 que d\u00e1 ao r\u00e9ptil a possibilidade de perseguir uma presa, reconhecer a presen\u00e7a de um predador ou encontrar um(a) poss\u00edvel companheiro(a)\r\n\r\n&nbsp;\r\n\r\n[caption id=\"attachment_30929\" align=\"aligncenter\" width=\"1920\"]<img class=\"size-full wp-image-30929\" src=\"http:\/\/web.afiwai.com\/rwp\/wp-content\/uploads\/2019\/03\/crotalus-mitchelli.jpg\" alt=\"crotalus mitchelli\" width=\"1920\" height=\"1280\" \/> crotalus mitchelli[\/caption]\r\n\r\n&nbsp;\r\n\r\nNalgumas esp\u00e9cies, a vis\u00e3o e a audi\u00e7\u00e3o s\u00e3o relativamente fracas, no entanto todas elas possuem o paladar e o olfato bastante desenvolvidos. A l\u00edngua b\u00edfida permite tamb\u00e9m compensar estas car\u00eancias sensoriais que possuem. Os of\u00eddios n\u00e3o t\u00eam p\u00e1lpebras, mas sim membranas transparentes que lhes cobrem os olhos. A sensibilidade do sentido da vis\u00e3o pode variar. Algumas esp\u00e9cies mal conseguem distinguir a luz ao passo que outras, de h\u00e1bitos diurnos ou arbor\u00edcolas, possuem uma excelente perspic\u00e1cia visual, embora na maioria sejam mais sens\u00edveis ao movimento que \u00e0s formas, em si, podemos ent\u00e3o partir do princ\u00edpio que os \u00f3rg\u00e3os dos sentidos destes animais est\u00e3o relativamente adaptados ao ambiente onde estes r\u00e9pteis vivem, ou seja, h\u00e1 varia\u00e7\u00e3o entre eles, n\u00e3o h\u00e1 uma regra geral que os defina a todos, e isso \u00e9 muito importante em biologia, termos sempre em conta que nada \u00e9 fixo, existem sempre exce\u00e7\u00f5es \u00e0 regra, que t\u00eam que ser tidas em considera\u00e7\u00e3o quando se tentam fazer generaliza\u00e7\u00f5es.\r\n\r\n&nbsp;\r\n\r\n[caption id=\"attachment_30927\" align=\"aligncenter\" width=\"1920\"]<img class=\"size-full wp-image-30927\" src=\"http:\/\/web.afiwai.com\/rwp\/wp-content\/uploads\/2019\/03\/snake-540656_1920.jpg\" alt=\"Corallus caninus\" width=\"1920\" height=\"1279\" \/> <em>Corallus caninus<\/em>[\/caption]\r\n\r\n&nbsp;\r\n\r\nAlgumas esp\u00e9cies noturnas t\u00eam a pupila do olho em forma el\u00edptica, orientada verticalmente, abrindo-se bastante quando a ilumina\u00e7\u00e3o \u00e9 fraca. Of\u00eddios, desprovidos de ouvidos externos, s\u00e3o bastante sens\u00edveis a frequ\u00eancias baixas, no entanto n\u00e3o distinguem os sons das frequ\u00eancias altas, como \u00e9 o exemplo da fant\u00e1stica cascavel, este r\u00e9ptil \u00e9 caracter\u00edstico de fazer o som de \u201cguizos\u201d com a cauda, no entanto, n\u00e3o os ouve. Estas caracter\u00edsticas impressionantes tornam estes r\u00e9pteis ex\u00edmios ca\u00e7adores mas n\u00e3o acaba aqui, pois \u00e9, h\u00e1 mais! Sabias que, por exemplo, a pit\u00e3o \u00e9 um of\u00eddio que beneficia da estrondosa capacidade de conseguir detetar fontes de calor? S\u00e3o dotados de um sistema sensorial que lhes permite detetar raios infravermelhos, mas como? Estes animais t\u00eam uma fosseta termossens\u00edvel situada entre o olho e a narina nalgumas esp\u00e9cies, ou no \u201cl\u00e1bio\u201d, noutras esp\u00e9cies. Esta capacidade de extrema sensibilidade permite a estes ca\u00e7adores detetar presas, em plena escurid\u00e3o.\r\n\r\nE \u00e9 por estas e outras caracter\u00edsticas que estes r\u00e9pteis s\u00e3o considerados ca\u00e7adores ex\u00edmios. S\u00e3o animais not\u00e1veis e extremamente interessantes, no entanto, j\u00e1 sabes que h\u00e1 sempre mais para descobrir sobre o fascinante mundo dos r\u00e9pteis, continua atento \u00e0s novidades, vale tanto a pena, n\u00e3o vale?","_et_gb_content_width":""},"categories":[40],"tags":[181,192,121,232,224,231,228,193,222,227,223,229,226,230,191,164,132,163,225],"yoast_head":"<!-- This site is optimized with the Yoast SEO plugin v20.5 - https:\/\/yoast.com\/wordpress\/plugins\/seo\/ -->\n<title>Ca\u00e7adoras ex\u00edmias \u2013 as fant\u00e1sticas perce\u00e7\u00f5es sensoriais dos of\u00eddios - ReptilWorld Park [Portugal]<\/title>\n<meta name=\"description\" content=\"P\u00e1gina oficial do futuro 1\u00ba Reptilario de Portugal que est\u00e1 em prepara\u00e7\u00e3o! Not\u00edcias, Novidades, Desenvolvimento de Projetos, Blog, Ofertas de emprego, Busca de investidores. Mantenha-se informado e aprenda a conhecer os r\u00e9pteis. Um projeto grande est\u00e1 chegando. ReptilWorld Park [Portugal] - Um novo mundo abre-se agora!\" \/>\n<meta name=\"robots\" content=\"index, follow, max-snippet:-1, max-image-preview:large, max-video-preview:-1\" \/>\n<link rel=\"canonical\" href=\"https:\/\/web.afiwai.com\/rwp\/cacadoras-eximias-as-fantasticas-percecoes-sensoriais-dos-ofidios\/\" \/>\n<meta property=\"og:locale\" content=\"pt_PT\" \/>\n<meta property=\"og:type\" content=\"article\" \/>\n<meta property=\"og:title\" content=\"Ca\u00e7adoras ex\u00edmias \u2013 as fant\u00e1sticas perce\u00e7\u00f5es sensoriais dos of\u00eddios - ReptilWorld Park [Portugal]\" \/>\n<meta property=\"og:description\" content=\"P\u00e1gina oficial do futuro 1\u00ba Reptilario de Portugal que est\u00e1 em prepara\u00e7\u00e3o! Not\u00edcias, Novidades, Desenvolvimento de Projetos, Blog, Ofertas de emprego, Busca de investidores. Mantenha-se informado e aprenda a conhecer os r\u00e9pteis. Um projeto grande est\u00e1 chegando. ReptilWorld Park [Portugal] - Um novo mundo abre-se agora!\" \/>\n<meta property=\"og:url\" content=\"https:\/\/web.afiwai.com\/rwp\/cacadoras-eximias-as-fantasticas-percecoes-sensoriais-dos-ofidios\/\" \/>\n<meta property=\"og:site_name\" content=\"ReptilWorld Park [Portugal]\" \/>\n<meta property=\"article:publisher\" content=\"https:\/\/www.facebook.com\/reptilworldpark\/\" \/>\n<meta property=\"article:published_time\" content=\"2019-03-16T12:50:47+00:00\" \/>\n<meta property=\"article:modified_time\" content=\"2019-12-13T15:17:59+00:00\" \/>\n<meta property=\"og:image\" content=\"https:\/\/web.afiwai.com\/rwp\/wp-content\/uploads\/2019\/03\/european-grass-snake-950565_1920.jpg\" \/>\n\t<meta property=\"og:image:width\" content=\"1920\" \/>\n\t<meta property=\"og:image:height\" content=\"1284\" \/>\n\t<meta property=\"og:image:type\" content=\"image\/jpeg\" \/>\n<meta name=\"author\" content=\"Isadora Pombeiro\" \/>\n<meta name=\"twitter:card\" content=\"summary_large_image\" \/>\n<meta name=\"twitter:creator\" content=\"@ReptilWorldPark\" \/>\n<meta name=\"twitter:site\" content=\"@ReptilWorldPark\" \/>\n<meta name=\"twitter:label1\" content=\"Escrito por\" \/>\n\t<meta name=\"twitter:data1\" content=\"Isadora Pombeiro\" \/>\n\t<meta name=\"twitter:label2\" content=\"Tempo estimado de leitura\" \/>\n\t<meta name=\"twitter:data2\" content=\"5 minutos\" \/>\n<script type=\"application\/ld+json\" class=\"yoast-schema-graph\">{\"@context\":\"https:\/\/schema.org\",\"@graph\":[{\"@type\":\"Article\",\"@id\":\"https:\/\/web.afiwai.com\/rwp\/cacadoras-eximias-as-fantasticas-percecoes-sensoriais-dos-ofidios\/#article\",\"isPartOf\":{\"@id\":\"https:\/\/web.afiwai.com\/rwp\/cacadoras-eximias-as-fantasticas-percecoes-sensoriais-dos-ofidios\/\"},\"author\":{\"name\":\"Isadora Pombeiro\",\"@id\":\"https:\/\/web.afiwai.com\/rwp\/#\/schema\/person\/2165c37c91b75a4f8c8a0d2a715fd0ce\"},\"headline\":\"Ca\u00e7adoras ex\u00edmias \u2013 as fant\u00e1sticas perce\u00e7\u00f5es sensoriais dos of\u00eddios\",\"datePublished\":\"2019-03-16T12:50:47+00:00\",\"dateModified\":\"2019-12-13T15:17:59+00:00\",\"mainEntityOfPage\":{\"@id\":\"https:\/\/web.afiwai.com\/rwp\/cacadoras-eximias-as-fantasticas-percecoes-sensoriais-dos-ofidios\/\"},\"wordCount\":925,\"commentCount\":0,\"publisher\":{\"@id\":\"https:\/\/web.afiwai.com\/rwp\/#organization\"},\"keywords\":[\"arbor\u00edcolas\",\"b\u00edfida\",\"biologia\",\"ca\u00e7adores\",\"carac\u00f3is\",\"Corallus\",\"crotalus\",\"Jacobson\",\"mand\u00edbulas\",\"of\u00eddio\",\"of\u00eddios\",\"olfato\",\"\u00f3rg\u00e3os\",\"p\u00e1lpebras\",\"predador\",\"r\u00e9pteis\",\"r\u00e9ptil\",\"serpentes\",\"vibra\u00e7\u00f5es\"],\"articleSection\":[\"Blog\"],\"inLanguage\":\"pt-PT\",\"potentialAction\":[{\"@type\":\"CommentAction\",\"name\":\"Comment\",\"target\":[\"https:\/\/web.afiwai.com\/rwp\/cacadoras-eximias-as-fantasticas-percecoes-sensoriais-dos-ofidios\/#respond\"]}]},{\"@type\":\"WebPage\",\"@id\":\"https:\/\/web.afiwai.com\/rwp\/cacadoras-eximias-as-fantasticas-percecoes-sensoriais-dos-ofidios\/\",\"url\":\"https:\/\/web.afiwai.com\/rwp\/cacadoras-eximias-as-fantasticas-percecoes-sensoriais-dos-ofidios\/\",\"name\":\"Ca\u00e7adoras ex\u00edmias \u2013 as fant\u00e1sticas perce\u00e7\u00f5es sensoriais dos of\u00eddios - ReptilWorld Park [Portugal]\",\"isPartOf\":{\"@id\":\"https:\/\/web.afiwai.com\/rwp\/#website\"},\"datePublished\":\"2019-03-16T12:50:47+00:00\",\"dateModified\":\"2019-12-13T15:17:59+00:00\",\"description\":\"P\u00e1gina oficial do futuro 1\u00ba Reptilario de Portugal que est\u00e1 em prepara\u00e7\u00e3o! Not\u00edcias, Novidades, Desenvolvimento de Projetos, Blog, Ofertas de emprego, Busca de investidores. Mantenha-se informado e aprenda a conhecer os r\u00e9pteis. Um projeto grande est\u00e1 chegando. ReptilWorld Park [Portugal] - Um novo mundo abre-se agora!\",\"breadcrumb\":{\"@id\":\"https:\/\/web.afiwai.com\/rwp\/cacadoras-eximias-as-fantasticas-percecoes-sensoriais-dos-ofidios\/#breadcrumb\"},\"inLanguage\":\"pt-PT\",\"potentialAction\":[{\"@type\":\"ReadAction\",\"target\":[\"https:\/\/web.afiwai.com\/rwp\/cacadoras-eximias-as-fantasticas-percecoes-sensoriais-dos-ofidios\/\"]}]},{\"@type\":\"BreadcrumbList\",\"@id\":\"https:\/\/web.afiwai.com\/rwp\/cacadoras-eximias-as-fantasticas-percecoes-sensoriais-dos-ofidios\/#breadcrumb\",\"itemListElement\":[{\"@type\":\"ListItem\",\"position\":1,\"name\":\"Home\",\"item\":\"https:\/\/web.afiwai.com\/rwp\/\"},{\"@type\":\"ListItem\",\"position\":2,\"name\":\"Ca\u00e7adoras ex\u00edmias \u2013 as fant\u00e1sticas perce\u00e7\u00f5es sensoriais dos of\u00eddios\"}]},{\"@type\":\"WebSite\",\"@id\":\"https:\/\/web.afiwai.com\/rwp\/#website\",\"url\":\"https:\/\/web.afiwai.com\/rwp\/\",\"name\":\"ReptilWorld Park [Portugal]\",\"description\":\"Entra num mundo desconhecido !\",\"publisher\":{\"@id\":\"https:\/\/web.afiwai.com\/rwp\/#organization\"},\"potentialAction\":[{\"@type\":\"SearchAction\",\"target\":{\"@type\":\"EntryPoint\",\"urlTemplate\":\"https:\/\/web.afiwai.com\/rwp\/?s={search_term_string}\"},\"query-input\":\"required name=search_term_string\"}],\"inLanguage\":\"pt-PT\"},{\"@type\":\"Organization\",\"@id\":\"https:\/\/web.afiwai.com\/rwp\/#organization\",\"name\":\"ReptilWorld Park - O in\u00e9dito em Portugal\",\"url\":\"https:\/\/web.afiwai.com\/rwp\/\",\"logo\":{\"@type\":\"ImageObject\",\"inLanguage\":\"pt-PT\",\"@id\":\"https:\/\/web.afiwai.com\/rwp\/#\/schema\/logo\/image\/\",\"url\":\"https:\/\/web.afiwai.com\/rwp\/wp-content\/uploads\/2018\/12\/Logo-cam\u00e9l\u00e9on-750px.png\",\"contentUrl\":\"https:\/\/web.afiwai.com\/rwp\/wp-content\/uploads\/2018\/12\/Logo-cam\u00e9l\u00e9on-750px.png\",\"width\":750,\"height\":341,\"caption\":\"ReptilWorld Park - O in\u00e9dito em Portugal\"},\"image\":{\"@id\":\"https:\/\/web.afiwai.com\/rwp\/#\/schema\/logo\/image\/\"},\"sameAs\":[\"https:\/\/www.facebook.com\/reptilworldpark\/\",\"https:\/\/twitter.com\/ReptilWorldPark\",\"https:\/\/www.instagram.com\/reptilworld_park\/\",\"https:\/\/www.linkedin.com\/in\/reptilworldpark\/\",\"https:\/\/www.youtube.com\/channel\/UCGarBbU4GwhnxAl218yJmDA\"]},{\"@type\":\"Person\",\"@id\":\"https:\/\/web.afiwai.com\/rwp\/#\/schema\/person\/2165c37c91b75a4f8c8a0d2a715fd0ce\",\"name\":\"Isadora Pombeiro\",\"image\":{\"@type\":\"ImageObject\",\"inLanguage\":\"pt-PT\",\"@id\":\"https:\/\/web.afiwai.com\/rwp\/#\/schema\/person\/image\/\",\"url\":\"https:\/\/secure.gravatar.com\/avatar\/fe28481fdbde96410a81708c457e4d19?s=96&d=mm&r=g\",\"contentUrl\":\"https:\/\/secure.gravatar.com\/avatar\/fe28481fdbde96410a81708c457e4d19?s=96&d=mm&r=g\",\"caption\":\"Isadora Pombeiro\"},\"url\":\"https:\/\/web.afiwai.com\/rwp\/author\/isadora-pombeiro\/\"}]}<\/script>\n<!-- \/ Yoast SEO plugin. -->","yoast_head_json":{"title":"Ca\u00e7adoras ex\u00edmias \u2013 as fant\u00e1sticas perce\u00e7\u00f5es sensoriais dos of\u00eddios - ReptilWorld Park [Portugal]","description":"P\u00e1gina oficial do futuro 1\u00ba Reptilario de Portugal que est\u00e1 em prepara\u00e7\u00e3o! Not\u00edcias, Novidades, Desenvolvimento de Projetos, Blog, Ofertas de emprego, Busca de investidores. Mantenha-se informado e aprenda a conhecer os r\u00e9pteis. Um projeto grande est\u00e1 chegando. ReptilWorld Park [Portugal] - Um novo mundo abre-se agora!","robots":{"index":"index","follow":"follow","max-snippet":"max-snippet:-1","max-image-preview":"max-image-preview:large","max-video-preview":"max-video-preview:-1"},"canonical":"https:\/\/web.afiwai.com\/rwp\/cacadoras-eximias-as-fantasticas-percecoes-sensoriais-dos-ofidios\/","og_locale":"pt_PT","og_type":"article","og_title":"Ca\u00e7adoras ex\u00edmias \u2013 as fant\u00e1sticas perce\u00e7\u00f5es sensoriais dos of\u00eddios - ReptilWorld Park [Portugal]","og_description":"P\u00e1gina oficial do futuro 1\u00ba Reptilario de Portugal que est\u00e1 em prepara\u00e7\u00e3o! Not\u00edcias, Novidades, Desenvolvimento de Projetos, Blog, Ofertas de emprego, Busca de investidores. Mantenha-se informado e aprenda a conhecer os r\u00e9pteis. Um projeto grande est\u00e1 chegando. ReptilWorld Park [Portugal] - Um novo mundo abre-se agora!","og_url":"https:\/\/web.afiwai.com\/rwp\/cacadoras-eximias-as-fantasticas-percecoes-sensoriais-dos-ofidios\/","og_site_name":"ReptilWorld Park [Portugal]","article_publisher":"https:\/\/www.facebook.com\/reptilworldpark\/","article_published_time":"2019-03-16T12:50:47+00:00","article_modified_time":"2019-12-13T15:17:59+00:00","og_image":[{"width":1920,"height":1284,"url":"https:\/\/web.afiwai.com\/rwp\/wp-content\/uploads\/2019\/03\/european-grass-snake-950565_1920.jpg","type":"image\/jpeg"}],"author":"Isadora Pombeiro","twitter_card":"summary_large_image","twitter_creator":"@ReptilWorldPark","twitter_site":"@ReptilWorldPark","twitter_misc":{"Escrito por":"Isadora Pombeiro","Tempo estimado de leitura":"5 minutos"},"schema":{"@context":"https:\/\/schema.org","@graph":[{"@type":"Article","@id":"https:\/\/web.afiwai.com\/rwp\/cacadoras-eximias-as-fantasticas-percecoes-sensoriais-dos-ofidios\/#article","isPartOf":{"@id":"https:\/\/web.afiwai.com\/rwp\/cacadoras-eximias-as-fantasticas-percecoes-sensoriais-dos-ofidios\/"},"author":{"name":"Isadora Pombeiro","@id":"https:\/\/web.afiwai.com\/rwp\/#\/schema\/person\/2165c37c91b75a4f8c8a0d2a715fd0ce"},"headline":"Ca\u00e7adoras ex\u00edmias \u2013 as fant\u00e1sticas perce\u00e7\u00f5es sensoriais dos of\u00eddios","datePublished":"2019-03-16T12:50:47+00:00","dateModified":"2019-12-13T15:17:59+00:00","mainEntityOfPage":{"@id":"https:\/\/web.afiwai.com\/rwp\/cacadoras-eximias-as-fantasticas-percecoes-sensoriais-dos-ofidios\/"},"wordCount":925,"commentCount":0,"publisher":{"@id":"https:\/\/web.afiwai.com\/rwp\/#organization"},"keywords":["arbor\u00edcolas","b\u00edfida","biologia","ca\u00e7adores","carac\u00f3is","Corallus","crotalus","Jacobson","mand\u00edbulas","of\u00eddio","of\u00eddios","olfato","\u00f3rg\u00e3os","p\u00e1lpebras","predador","r\u00e9pteis","r\u00e9ptil","serpentes","vibra\u00e7\u00f5es"],"articleSection":["Blog"],"inLanguage":"pt-PT","potentialAction":[{"@type":"CommentAction","name":"Comment","target":["https:\/\/web.afiwai.com\/rwp\/cacadoras-eximias-as-fantasticas-percecoes-sensoriais-dos-ofidios\/#respond"]}]},{"@type":"WebPage","@id":"https:\/\/web.afiwai.com\/rwp\/cacadoras-eximias-as-fantasticas-percecoes-sensoriais-dos-ofidios\/","url":"https:\/\/web.afiwai.com\/rwp\/cacadoras-eximias-as-fantasticas-percecoes-sensoriais-dos-ofidios\/","name":"Ca\u00e7adoras ex\u00edmias \u2013 as fant\u00e1sticas perce\u00e7\u00f5es sensoriais dos of\u00eddios - ReptilWorld Park [Portugal]","isPartOf":{"@id":"https:\/\/web.afiwai.com\/rwp\/#website"},"datePublished":"2019-03-16T12:50:47+00:00","dateModified":"2019-12-13T15:17:59+00:00","description":"P\u00e1gina oficial do futuro 1\u00ba Reptilario de Portugal que est\u00e1 em prepara\u00e7\u00e3o! Not\u00edcias, Novidades, Desenvolvimento de Projetos, Blog, Ofertas de emprego, Busca de investidores. Mantenha-se informado e aprenda a conhecer os r\u00e9pteis. Um projeto grande est\u00e1 chegando. ReptilWorld Park [Portugal] - Um novo mundo abre-se agora!","breadcrumb":{"@id":"https:\/\/web.afiwai.com\/rwp\/cacadoras-eximias-as-fantasticas-percecoes-sensoriais-dos-ofidios\/#breadcrumb"},"inLanguage":"pt-PT","potentialAction":[{"@type":"ReadAction","target":["https:\/\/web.afiwai.com\/rwp\/cacadoras-eximias-as-fantasticas-percecoes-sensoriais-dos-ofidios\/"]}]},{"@type":"BreadcrumbList","@id":"https:\/\/web.afiwai.com\/rwp\/cacadoras-eximias-as-fantasticas-percecoes-sensoriais-dos-ofidios\/#breadcrumb","itemListElement":[{"@type":"ListItem","position":1,"name":"Home","item":"https:\/\/web.afiwai.com\/rwp\/"},{"@type":"ListItem","position":2,"name":"Ca\u00e7adoras ex\u00edmias \u2013 as fant\u00e1sticas perce\u00e7\u00f5es sensoriais dos of\u00eddios"}]},{"@type":"WebSite","@id":"https:\/\/web.afiwai.com\/rwp\/#website","url":"https:\/\/web.afiwai.com\/rwp\/","name":"ReptilWorld Park [Portugal]","description":"Entra num mundo desconhecido !","publisher":{"@id":"https:\/\/web.afiwai.com\/rwp\/#organization"},"potentialAction":[{"@type":"SearchAction","target":{"@type":"EntryPoint","urlTemplate":"https:\/\/web.afiwai.com\/rwp\/?s={search_term_string}"},"query-input":"required name=search_term_string"}],"inLanguage":"pt-PT"},{"@type":"Organization","@id":"https:\/\/web.afiwai.com\/rwp\/#organization","name":"ReptilWorld Park - O in\u00e9dito em Portugal","url":"https:\/\/web.afiwai.com\/rwp\/","logo":{"@type":"ImageObject","inLanguage":"pt-PT","@id":"https:\/\/web.afiwai.com\/rwp\/#\/schema\/logo\/image\/","url":"https:\/\/web.afiwai.com\/rwp\/wp-content\/uploads\/2018\/12\/Logo-cam\u00e9l\u00e9on-750px.png","contentUrl":"https:\/\/web.afiwai.com\/rwp\/wp-content\/uploads\/2018\/12\/Logo-cam\u00e9l\u00e9on-750px.png","width":750,"height":341,"caption":"ReptilWorld Park - O in\u00e9dito em Portugal"},"image":{"@id":"https:\/\/web.afiwai.com\/rwp\/#\/schema\/logo\/image\/"},"sameAs":["https:\/\/www.facebook.com\/reptilworldpark\/","https:\/\/twitter.com\/ReptilWorldPark","https:\/\/www.instagram.com\/reptilworld_park\/","https:\/\/www.linkedin.com\/in\/reptilworldpark\/","https:\/\/www.youtube.com\/channel\/UCGarBbU4GwhnxAl218yJmDA"]},{"@type":"Person","@id":"https:\/\/web.afiwai.com\/rwp\/#\/schema\/person\/2165c37c91b75a4f8c8a0d2a715fd0ce","name":"Isadora Pombeiro","image":{"@type":"ImageObject","inLanguage":"pt-PT","@id":"https:\/\/web.afiwai.com\/rwp\/#\/schema\/person\/image\/","url":"https:\/\/secure.gravatar.com\/avatar\/fe28481fdbde96410a81708c457e4d19?s=96&d=mm&r=g","contentUrl":"https:\/\/secure.gravatar.com\/avatar\/fe28481fdbde96410a81708c457e4d19?s=96&d=mm&r=g","caption":"Isadora Pombeiro"},"url":"https:\/\/web.afiwai.com\/rwp\/author\/isadora-pombeiro\/"}]}},"_links":{"self":[{"href":"https:\/\/web.afiwai.com\/rwp\/wp-json\/wp\/v2\/posts\/30924"}],"collection":[{"href":"https:\/\/web.afiwai.com\/rwp\/wp-json\/wp\/v2\/posts"}],"about":[{"href":"https:\/\/web.afiwai.com\/rwp\/wp-json\/wp\/v2\/types\/post"}],"author":[{"embeddable":true,"href":"https:\/\/web.afiwai.com\/rwp\/wp-json\/wp\/v2\/users\/3"}],"replies":[{"embeddable":true,"href":"https:\/\/web.afiwai.com\/rwp\/wp-json\/wp\/v2\/comments?post=30924"}],"version-history":[{"count":5,"href":"https:\/\/web.afiwai.com\/rwp\/wp-json\/wp\/v2\/posts\/30924\/revisions"}],"predecessor-version":[{"id":31658,"href":"https:\/\/web.afiwai.com\/rwp\/wp-json\/wp\/v2\/posts\/30924\/revisions\/31658"}],"wp:featuredmedia":[{"embeddable":true,"href":"https:\/\/web.afiwai.com\/rwp\/wp-json\/wp\/v2\/media\/30925"}],"wp:attachment":[{"href":"https:\/\/web.afiwai.com\/rwp\/wp-json\/wp\/v2\/media?parent=30924"}],"wp:term":[{"taxonomy":"category","embeddable":true,"href":"https:\/\/web.afiwai.com\/rwp\/wp-json\/wp\/v2\/categories?post=30924"},{"taxonomy":"post_tag","embeddable":true,"href":"https:\/\/web.afiwai.com\/rwp\/wp-json\/wp\/v2\/tags?post=30924"}],"curies":[{"name":"wp","href":"https:\/\/api.w.org\/{rel}","templated":true}]}}