{"id":30958,"date":"2019-03-24T18:52:25","date_gmt":"2019-03-24T18:52:25","guid":{"rendered":"http:\/\/web.afiwai.com\/rwp\/?p=30958"},"modified":"2019-12-13T15:13:47","modified_gmt":"2019-12-13T15:13:47","slug":"como-e-o-comportamento-social-nos-repteis","status":"publish","type":"post","link":"https:\/\/web.afiwai.com\/rwp\/como-e-o-comportamento-social-nos-repteis\/","title":{"rendered":"Como \u00e9 o comportamento social, nos r\u00e9pteis?"},"content":{"rendered":"[et_pb_section fb_built=&#8221;1&#8243; admin_label=&#8221;section&#8221; _builder_version=&#8221;3.22&#8243;][et_pb_row admin_label=&#8221;row&#8221; _builder_version=&#8221;3.25&#8243; background_size=&#8221;initial&#8221; background_position=&#8221;top_left&#8221; background_repeat=&#8221;repeat&#8221;][et_pb_column type=&#8221;4_4&#8243; _builder_version=&#8221;3.25&#8243; custom_padding=&#8221;|||&#8221; custom_padding__hover=&#8221;|||&#8221;][et_pb_text admin_label=&#8221;Text&#8221; _builder_version=&#8221;3.27.4&#8243; background_size=&#8221;initial&#8221; background_position=&#8221;top_left&#8221; background_repeat=&#8221;repeat&#8221;]\n<p style=\"text-align: justify;\">Ser\u00e1 que os <a href=\"https:\/\/web.afiwai.com\/rwp\/tag\/repteis\/\">#r\u00e9pteis<\/a> s\u00e3o animais solit\u00e1rios, ou ser\u00e1 que preferem agregar-se? Al\u00e9m destas hip\u00f3teses existem outras, ser\u00e1 que apenas se re\u00fanem na altura do acasalamento e\/ou da postura? Ou mesmo para hibernarem? Ou para apanharem banhos de Sol? Sim, como os Humanos gostam de fazer, na altura do ver\u00e3o. No entanto, os r\u00e9pteis necessitam do Sol para aumentar a sua temperatura corporal, pois s\u00e3o animais ectot\u00e9rmicos, coisa que, os Humanos, n\u00e3o s\u00e3o, apenas gostamos de vitamina D, n\u00e3o \u00e9? Mas ent\u00e3o vamos ao assunto que realmente nos trouxe aqui: o comportamento social dos r\u00e9pteis. Afinal, ser\u00e1 que estes animais gostam de companhia ou preferem estar sozinhos do que mal acompanhados? Ora, vejamos ent\u00e3o a diversidade que existe, neste artigo.<\/p>\n<p style=\"text-align: justify;\">Come\u00e7ando pelas espetaculares <a href=\"https:\/\/web.afiwai.com\/rwp\/tag\/tartarugas\/\">#tartarugas<\/a>, arrisco em dizer que j\u00e1 possas ter observado em document\u00e1rios estes r\u00e9pteis a deslocarem-se at\u00e9 \u00e0 praia para colocar os seus ovos, reparaste tamb\u00e9m que raramente o fazem sozinhas? Normalmente quando uma o faz, existem mais a fazer, no mesmo local, digamos que nidificam em massa, e regularmente, nas mesmas praias, o que as pode tornar vulner\u00e1veis a <a href=\"https:\/\/web.afiwai.com\/rwp\/tag\/predadores\/\">#predadores<\/a>, e em particular, ao Homem. Algumas esp\u00e9cies <a href=\"https:\/\/web.afiwai.com\/rwp\/tag\/migratorias\/\">#migrat\u00f3rias<\/a> concentram-se em grande n\u00famero, por um per\u00edodo de tempo, para <a href=\"https:\/\/web.afiwai.com\/rwp\/tag\/nidificarem\/\">#nidificarem<\/a>. Nas tartarugas pode existir hierarquia, quando os territ\u00f3rios das tartarugas se sobrep\u00f5em pode existir, rela\u00e7\u00f5es de domin\u00e2ncia. Maioria das <a href=\"https:\/\/web.afiwai.com\/rwp\/tag\/tartarugas\/\">#tartarugas<\/a> aqu\u00e1ticas re\u00fanem-se na altura do acasalamento, e tamb\u00e9m se podem reunir para dormir! Sim, para <a href=\"https:\/\/web.afiwai.com\/rwp\/tag\/hibernar\/\">#hibernar<\/a>. Ou para apanhar Sol, como \u00e9 o exemplo da esp\u00e9cie: #<em>Chrysemys picta. <\/em>Al\u00e9m disso, existe um comportamento peculiar entre algumas <a href=\"https:\/\/web.afiwai.com\/rwp\/tag\/tartarugas\/\">#tartarugas<\/a>, pelo facto de removerem com a boca, algas e escamas da <a href=\"https:\/\/web.afiwai.com\/rwp\/tag\/carapaca\/\">#carapa\u00e7a<\/a> umas das outras.<\/p>\n<p>&nbsp;<\/p>\n<div id=\"attachment_30965\" style=\"width: 1930px;\" class=\"wp-caption aligncenter\">\n<p><img decoding=\"async\" loading=\"lazy\" aria-describedby=\"caption-attachment-30965\" class=\"size-full wp-image-30965\" src=\"http:\/\/web.afiwai.com\/rwp\/wp-content\/uploads\/2019\/03\/Dermochelys-coriacea.jpg\" alt=\"\" srcset=\"http:\/\/web.afiwai.com\/rwp\/wp-content\/uploads\/2019\/03\/Dermochelys-coriacea.jpg 1920w, http:\/\/web.afiwai.com\/rwp\/wp-content\/uploads\/2019\/03\/Dermochelys-coriacea-300x225.jpg 300w, http:\/\/web.afiwai.com\/rwp\/wp-content\/uploads\/2019\/03\/Dermochelys-coriacea-768x576.jpg 768w, http:\/\/web.afiwai.com\/rwp\/wp-content\/uploads\/2019\/03\/Dermochelys-coriacea-1024x768.jpg 1024w, http:\/\/web.afiwai.com\/rwp\/wp-content\/uploads\/2019\/03\/Dermochelys-coriacea-510x382.jpg 510w, http:\/\/web.afiwai.com\/rwp\/wp-content\/uploads\/2019\/03\/Dermochelys-coriacea-1080x810.jpg 1080w, http:\/\/web.afiwai.com\/rwp\/wp-content\/uploads\/2019\/03\/Dermochelys-coriacea-610x458.jpg 610w\" sizes=\"(max-width: 1920px) 100vw, 1920px\" width=\"1920\" height=\"1440\" \/><\/p>\n<p id=\"caption-attachment-30965\" class=\"wp-caption-text\"><em>Dermochelys coriacea<\/em><\/p>\n<\/div>\n<p><span class=\"et_bloom_bottom_trigger\"><\/span><span class=\"et_social_bottom_trigger\"><\/span><\/p>\n<p>&nbsp;<\/p>\n<p style=\"text-align: justify;\">Os <a href=\"https:\/\/web.afiwai.com\/rwp\/tag\/lagartos\/\">#lagartos<\/a> podem ser mais amea\u00e7adores quando algum intruso invade o seu espa\u00e7o, adotam atitudes como: mudar de cor, abrir a boca de maneira a parecer mais agressivos, incham de modo a parecerem maiores e mais ferozes, alguns podem abanar a cauda de maneira brusca para afugentar invasores ou mesmo abanando a cabe\u00e7a demonstrando o seu desagrado. Na \u00e9poca de reprodu\u00e7\u00e3o pode existir varia\u00e7\u00f5es e por exemplo, no caso da <a href=\"https:\/\/web.afiwai.com\/rwp\/tag\/iguana\/\">#iguana<\/a>-marinha (#<em>Amblyrhynchus cristatus<\/em>), os machos delimitam os seus territ\u00f3rios, muitas vezes existem combates entre eles, quem sair vencedor tem um pr\u00e9mio: territ\u00f3rio maior e melhor, mais vasto, acasalando normalmente mais vezes. As jovens <a href=\"https:\/\/web.afiwai.com\/rwp\/tag\/iguanas\/\">#iguanas<\/a>, frequentemente mant\u00eam-se em grupo, algumas podem trocar golpes de l\u00edngua, expandir as pregas cut\u00e2neas e esfregarem-se umas nas outras. \u00c9 de facto, um componente importante \u2013 a comunica\u00e7\u00e3o \u2013 n\u00e3o somos s\u00f3 n\u00f3s, Humanos, que comunicamos uns com os outros, no entanto, meios como mensagens por telem\u00f3vel, n\u00e3o s\u00e3o a op\u00e7\u00e3o dos <a href=\"https:\/\/web.afiwai.com\/rwp\/tag\/repteis\/\">#r\u00e9pteis<\/a>, mas sim, por exemplo: meios qu\u00edmicos, mais precisamente gl\u00e2ndulas mucosas localizadas ao n\u00edvel das coxas ou mesmo na regi\u00e3o cloacal, geralmente mais vis\u00edveis e maiores nos machos, que libertam secre\u00e7\u00f5es para marcar o seu territ\u00f3rio e muitas vezes tamb\u00e9m para atrair as f\u00eameas, como muitos outros seres vivos fazem, no entanto, nem sempre \u00e9 regra geral que apenas os machos t\u00eam <a href=\"https:\/\/web.afiwai.com\/rwp\/tag\/glandulas\/\">#gl\u00e2ndulas<\/a> deste tipo, pois em f\u00eameas de algumas esp\u00e9cies, estas estruturas tamb\u00e9m est\u00e3o presentes.<\/p>\n<p>&nbsp;<\/p>\n<div id=\"attachment_30963\" style=\"width: 1930px;\" class=\"wp-caption aligncenter\">\n<p><img decoding=\"async\" loading=\"lazy\" aria-describedby=\"caption-attachment-30963\" class=\"size-full wp-image-30963\" src=\"http:\/\/web.afiwai.com\/rwp\/wp-content\/uploads\/2019\/03\/Natrix-natrix.jpg\" alt=\"\" srcset=\"http:\/\/web.afiwai.com\/rwp\/wp-content\/uploads\/2019\/03\/Natrix-natrix.jpg 1920w, http:\/\/web.afiwai.com\/rwp\/wp-content\/uploads\/2019\/03\/Natrix-natrix-300x200.jpg 300w, http:\/\/web.afiwai.com\/rwp\/wp-content\/uploads\/2019\/03\/Natrix-natrix-768x512.jpg 768w, http:\/\/web.afiwai.com\/rwp\/wp-content\/uploads\/2019\/03\/Natrix-natrix-1024x682.jpg 1024w, http:\/\/web.afiwai.com\/rwp\/wp-content\/uploads\/2019\/03\/Natrix-natrix-1080x719.jpg 1080w, http:\/\/web.afiwai.com\/rwp\/wp-content\/uploads\/2019\/03\/Natrix-natrix-610x406.jpg 610w\" sizes=\"(max-width: 1920px) 100vw, 1920px\" width=\"1920\" height=\"1279\" \/><\/p>\n<p id=\"caption-attachment-30963\" class=\"wp-caption-text\"><em><a href=\"https:\/\/web.afiwai.com\/rwp\/tag\/natrix\/\">#Natrix<\/a> natrix<\/em><\/p>\n<\/div>\n<p><span class=\"et_bloom_bottom_trigger\"><\/span><span class=\"et_social_bottom_trigger\"><\/span><\/p>\n<p>&nbsp;<\/p>\n<p style=\"text-align: justify;\">As serpentes na \u00e9poca de acasalamento podem tornar-se bastante agressivas, pois, novamente os machos s\u00e3o seduzidos pelo odor que as f\u00eameas libertam nesta altura. \u00c9 libertada uma secre\u00e7\u00e3o qu\u00edmica, mais concretamente uma feromona, que serve como um indicador, neste caso, para os machos, transmitindo-lhes que as suas \u201cparceiras\u201d est\u00e3o recetivas para acasalar. Os machos detetam este indicador hormonal, pelo seu \u00f3rg\u00e3o de <a href=\"https:\/\/web.afiwai.com\/rwp\/tag\/jacobson\/\">#Jacobson<\/a> \u2013 que referi no artigo anterior. Em algumas esp\u00e9cies, os machos rivalizam e combatem frequentemente pela f\u00eamea, noutras esp\u00e9cies os machos lutam mesmo na aus\u00eancia da f\u00eamea, erguem a cabe\u00e7a o mais que podem, levantando a cauda, e estes combates longos determinam quem acasala com aquela f\u00eamea. No entanto, nem sempre \u00e9 assim, muitas vezes um macho apenas repele outro, e n\u00e3o demora longos per\u00edodos de tempo de combate, existe um que simplesmente se retira.<\/p>\n<p style=\"text-align: justify;\">Nos <a href=\"https:\/\/web.afiwai.com\/rwp\/tag\/crocodilos\/\">#crocodilos<\/a>, o que poder\u00e1 ser mais curioso em termos de comportamento social \u00e9 o facto destes animais, nomeadamente as f\u00eameas, fazerem uma patrulha constante ao seu ninho. Quando as crias est\u00e3o prestes a eclodir come\u00e7am por quebrar a casca, j\u00e1 sendo sens\u00edveis a est\u00edmulos exteriores, estas soltam uns grunhidos agudos quando sentem as vibra\u00e7\u00f5es que a progenitora faz, como se comunicassem algo do g\u00e9nero: \u201cEst\u00e1 na hora de sa\u00edrem do ovo.\u201d Na maioria das esp\u00e9cies, \u00e9 a f\u00eamea que carrega as crias rec\u00e9m-nascidas na sua boca repleta de dentes extremamente fortes, com as suas <a href=\"https:\/\/web.afiwai.com\/rwp\/tag\/mandibulas\/\">#mand\u00edbulas<\/a> impenetr\u00e1veis, e extremamente seguras para os seus filhotes. Algumas esp\u00e9cies t\u00eam umas aut\u00eanticas \u201ccreches\u201d aqu\u00e1ticas, e o que \u00e9 curioso \u00e9 que estes animais fazem um acompanhamento que muitas vezes pode ser bastante prolongado, \u00e0s suas crias, que s\u00e3o extremamente vulner\u00e1veis quando ainda s\u00e3o pequenas, pois h\u00e1 sempre predadores \u00e0 espreita, e todo o cuidado \u00e9 pouco, at\u00e9 para um dos predadores mais ferozes do reino animal. A isto se chama equil\u00edbrio da natureza, para todo o predador, h\u00e1 uma presa, e todo o <a href=\"https:\/\/web.afiwai.com\/rwp\/tag\/predador\/\">#predador<\/a> pode virar presa, dependendo das circunst\u00e2ncias.<\/p>\n<p>Este artigo poder\u00e1 fazer com que, surja outra quest\u00e3o: \u201ccomo ser\u00e1 o comportamento reprodutivo dos r\u00e9pteis?\u201d Continua atento \u00e0s novidades, pois em breve, ir\u00e1s saber responder a essa quest\u00e3o!<\/p>\n[\/et_pb_text][\/et_pb_column][\/et_pb_row][\/et_pb_section]\n<span class=\"et_bloom_bottom_trigger\"><\/span>","protected":false},"excerpt":{"rendered":"<p>Ser\u00e1 que os #r\u00e9pteis s\u00e3o animais solit\u00e1rios, ou ser\u00e1 que preferem agregar-se? Al\u00e9m destas hip\u00f3teses existem outras, ser\u00e1 que apenas se re\u00fanem na altura do acasalamento e\/ou da postura? Ou mesmo para hibernarem? Ou para apanharem banhos de Sol? Sim, como os Humanos gostam de fazer, na altura do ver\u00e3o. No entanto, os r\u00e9pteis necessitam do Sol para aumentar a sua temperatura corporal, pois s\u00e3o animais ectot\u00e9rmicos, coisa que, os Humanos, n\u00e3o s\u00e3o, apenas gostamos de vitamina D, n\u00e3o \u00e9? Mas ent\u00e3o vamos ao assunto que realmente nos trouxe aqui: o comportamento social dos r\u00e9pteis. Afinal, ser\u00e1 que estes animais gostam de companhia ou preferem estar sozinhos do que mal acompanhados? Ora, vejamos ent\u00e3o a diversidade que existe, neste artigo. Come\u00e7ando pelas espetaculares #tartarugas, arrisco em dizer que j\u00e1 possas ter observado em document\u00e1rios estes r\u00e9pteis a deslocarem-se at\u00e9 \u00e0 praia para colocar os seus ovos, reparaste tamb\u00e9m que raramente [&hellip;]<\/p>\n","protected":false},"author":3,"featured_media":30964,"comment_status":"open","ping_status":"open","sticky":false,"template":"","format":"standard","meta":{"_et_pb_use_builder":"on","_et_pb_old_content":"Ser\u00e1 que os r\u00e9pteis s\u00e3o animais solit\u00e1rios, ou ser\u00e1 que preferem agregar-se? Al\u00e9m destas hip\u00f3teses existem outras, ser\u00e1 que apenas se re\u00fanem na altura do acasalamento e\/ou da postura? Ou mesmo para hibernarem? Ou para apanharem banhos de Sol? Sim, como os Humanos gostam de fazer, na altura do ver\u00e3o. No entanto, os r\u00e9pteis necessitam do Sol para aumentar a sua temperatura corporal, pois s\u00e3o animais ectot\u00e9rmicos, coisa que, os Humanos, n\u00e3o s\u00e3o, apenas gostamos de vitamina D, n\u00e3o \u00e9? Mas ent\u00e3o vamos ao assunto que realmente nos trouxe aqui: o comportamento social dos r\u00e9pteis. Afinal, ser\u00e1 que estes animais gostam de companhia ou preferem estar sozinhos do que mal acompanhados? Ora, vejamos ent\u00e3o a diversidade que existe, neste artigo.\r\n\r\nCome\u00e7ando pelas espetaculares tartarugas, arrisco em dizer que j\u00e1 possas ter observado em document\u00e1rios estes r\u00e9pteis a deslocarem-se at\u00e9 \u00e0 praia para colocar os seus ovos, reparaste tamb\u00e9m que raramente o fazem sozinhas? Normalmente quando uma o faz, existem mais a fazer, no mesmo local, digamos que nidificam em massa, e regularmente, nas mesmas praias, o que as pode tornar vulner\u00e1veis a predadores, e em particular, ao Homem. Algumas esp\u00e9cies migrat\u00f3rias concentram-se em grande n\u00famero, por um per\u00edodo de tempo, para nidificarem. Nas tartarugas pode existir hierarquia, quando os territ\u00f3rios das tartarugas se sobrep\u00f5em pode existir, rela\u00e7\u00f5es de domin\u00e2ncia. Maioria das tartarugas aqu\u00e1ticas re\u00fanem-se na altura do acasalamento, e tamb\u00e9m se podem reunir para dormir! Sim, para hibernar. Ou para apanhar Sol, como \u00e9 o exemplo da esp\u00e9cie: <em>Chrysemys picta. <\/em>Al\u00e9m disso, existe um comportamento peculiar entre algumas tartarugas, pelo facto de removerem com a boca, algas e escamas da carapa\u00e7a umas das outras.\r\n\r\n\u00a0\r\n\r\n[caption id=\"attachment_30965\" align=\"aligncenter\" width=\"1920\"]<img class=\"size-full wp-image-30965\" src=\"http:\/\/web.afiwai.com\/rwp\/wp-content\/uploads\/2019\/03\/Dermochelys-coriacea.jpg\" alt=\"\" width=\"1920\" height=\"1440\" \/> <em>Dermochelys coriacea<\/em>[\/caption]\r\n\r\n\u00a0\r\n\r\nOs lagartos podem ser mais amea\u00e7adores quando algum intruso invade o seu espa\u00e7o, adotam atitudes como: mudar de cor, abrir a boca de maneira a parecer mais agressivos, incham de modo a parecerem maiores e mais ferozes, alguns podem abanar a cauda de maneira brusca para afugentar invasores ou mesmo abanando a cabe\u00e7a demonstrando o seu desagrado. Na \u00e9poca de reprodu\u00e7\u00e3o pode existir varia\u00e7\u00f5es e por exemplo, no caso da iguana-marinha (<em>Amblyrhynchus cristatus<\/em>), os machos delimitam os seus territ\u00f3rios, muitas vezes existem combates entre eles, quem sair vencedor tem um pr\u00e9mio: territ\u00f3rio maior e melhor, mais vasto, acasalando normalmente mais vezes. As jovens iguanas, frequentemente mant\u00eam-se em grupo, algumas podem trocar golpes de l\u00edngua, expandir as pregas cut\u00e2neas e esfregarem-se umas nas outras. \u00c9 de facto, um componente importante \u2013 a comunica\u00e7\u00e3o \u2013 n\u00e3o somos s\u00f3 n\u00f3s, Humanos, que comunicamos uns com os outros, no entanto, meios como mensagens por telem\u00f3vel, n\u00e3o s\u00e3o a op\u00e7\u00e3o dos r\u00e9pteis, mas sim, por exemplo: meios qu\u00edmicos, mais precisamente gl\u00e2ndulas mucosas localizadas ao n\u00edvel das coxas ou mesmo na regi\u00e3o cloacal, geralmente mais vis\u00edveis e maiores nos machos, que libertam secre\u00e7\u00f5es para marcar o seu territ\u00f3rio e muitas vezes tamb\u00e9m para atrair as f\u00eameas, como muitos outros seres vivos fazem, no entanto, nem sempre \u00e9 regra geral que apenas os machos t\u00eam gl\u00e2ndulas deste tipo, pois em f\u00eameas de algumas esp\u00e9cies, estas estruturas tamb\u00e9m est\u00e3o presentes.\r\n\r\n\u00a0\r\n\r\n[caption id=\"attachment_30963\" align=\"aligncenter\" width=\"1920\"]<img class=\"size-full wp-image-30963\" src=\"http:\/\/web.afiwai.com\/rwp\/wp-content\/uploads\/2019\/03\/Natrix-natrix.jpg\" alt=\"\" width=\"1920\" height=\"1279\" \/> <em>Natrix natrix<\/em>[\/caption]\r\n\r\n\u00a0\r\n\r\nAs serpentes na \u00e9poca de acasalamento podem tornar-se bastante agressivas, pois, novamente os machos s\u00e3o seduzidos pelo odor que as f\u00eameas libertam nesta altura. \u00c9 libertada uma secre\u00e7\u00e3o qu\u00edmica, mais concretamente uma feromona, que serve como um indicador, neste caso, para os machos, transmitindo-lhes que as suas \u201cparceiras\u201d est\u00e3o recetivas para acasalar. Os machos detetam este indicador hormonal, pelo seu \u00f3rg\u00e3o de Jacobson \u2013 que referi no artigo anterior. Em algumas esp\u00e9cies, os machos rivalizam e combatem frequentemente pela f\u00eamea, noutras esp\u00e9cies os machos lutam mesmo na aus\u00eancia da f\u00eamea, erguem a cabe\u00e7a o mais que podem, levantando a cauda, e estes combates longos determinam quem acasala com aquela f\u00eamea. No entanto, nem sempre \u00e9 assim, muitas vezes um macho apenas repele outro, e n\u00e3o demora longos per\u00edodos de tempo de combate, existe um que simplesmente se retira.\r\n\r\nNos crocodilos, o que poder\u00e1 ser mais curioso em termos de comportamento social \u00e9 o facto destes animais, nomeadamente as f\u00eameas, fazerem uma patrulha constante ao seu ninho. Quando as crias est\u00e3o prestes a eclodir come\u00e7am por quebrar a casca, j\u00e1 sendo sens\u00edveis a est\u00edmulos exteriores, estas soltam uns grunhidos agudos quando sentem as vibra\u00e7\u00f5es que a progenitora faz, como se comunicassem algo do g\u00e9nero: \u201cEst\u00e1 na hora de sa\u00edrem do ovo.\u201d Na maioria das esp\u00e9cies, \u00e9 a f\u00eamea que carrega as crias rec\u00e9m-nascidas na sua boca repleta de dentes extremamente fortes, com as suas mand\u00edbulas impenetr\u00e1veis, e extremamente seguras para os seus filhotes. Algumas esp\u00e9cies t\u00eam umas aut\u00eanticas \u201ccreches\u201d aqu\u00e1ticas, e o que \u00e9 curioso \u00e9 que estes animais fazem um acompanhamento que muitas vezes pode ser bastante prolongado, \u00e0s suas crias, que s\u00e3o extremamente vulner\u00e1veis quando ainda s\u00e3o pequenas, pois h\u00e1 sempre predadores \u00e0 espreita, e todo o cuidado \u00e9 pouco, at\u00e9 para um dos predadores mais ferozes do reino animal. A isto se chama equil\u00edbrio da natureza, para todo o predador, h\u00e1 uma presa, e todo o predador pode virar presa, dependendo das circunst\u00e2ncias.\r\n\r\nEste artigo poder\u00e1 fazer com que, surja outra quest\u00e3o: \u201ccomo ser\u00e1 o comportamento reprodutivo dos r\u00e9pteis?\u201d Continua atento \u00e0s novidades, pois em breve, ir\u00e1s saber responder a essa quest\u00e3o!","_et_gb_content_width":""},"categories":[40],"tags":[217,215,214,221,219,213,216,218,193,176,222,211,220,212,191,141,164,124],"yoast_head":"<!-- This site is optimized with the Yoast SEO plugin v20.5 - https:\/\/yoast.com\/wordpress\/plugins\/seo\/ -->\n<title>Como \u00e9 o comportamento social, nos r\u00e9pteis? - Blog<\/title>\n<meta name=\"description\" content=\"Como \u00e9 o comportamento social, nos r\u00e9pteis? - ReptilWorld Park [Portugal] - Blog - Como \u00e9 o comportamento social, nos r\u00e9pteis?\" \/>\n<meta name=\"robots\" content=\"index, follow, max-snippet:-1, max-image-preview:large, max-video-preview:-1\" \/>\n<link rel=\"canonical\" href=\"https:\/\/web.afiwai.com\/rwp\/como-e-o-comportamento-social-nos-repteis\/\" \/>\n<meta property=\"og:locale\" content=\"pt_PT\" \/>\n<meta property=\"og:type\" content=\"article\" \/>\n<meta property=\"og:title\" content=\"Como \u00e9 o comportamento social, nos r\u00e9pteis? - Blog\" \/>\n<meta property=\"og:description\" content=\"Como \u00e9 o comportamento social, nos r\u00e9pteis? - ReptilWorld Park [Portugal] - Blog - Como \u00e9 o comportamento social, nos r\u00e9pteis?\" \/>\n<meta property=\"og:url\" content=\"https:\/\/web.afiwai.com\/rwp\/como-e-o-comportamento-social-nos-repteis\/\" \/>\n<meta property=\"og:site_name\" content=\"ReptilWorld Park [Portugal]\" \/>\n<meta property=\"article:publisher\" content=\"https:\/\/www.facebook.com\/reptilworldpark\/\" \/>\n<meta property=\"article:published_time\" content=\"2019-03-24T18:52:25+00:00\" \/>\n<meta property=\"article:modified_time\" content=\"2019-12-13T15:13:47+00:00\" \/>\n<meta property=\"og:image\" content=\"https:\/\/web.afiwai.com\/rwp\/wp-content\/uploads\/2019\/03\/Amblyrhynchus-cristatus.png\" \/>\n\t<meta property=\"og:image:width\" content=\"1920\" \/>\n\t<meta property=\"og:image:height\" content=\"1285\" \/>\n\t<meta property=\"og:image:type\" content=\"image\/png\" \/>\n<meta name=\"author\" content=\"Isadora Pombeiro\" \/>\n<meta name=\"twitter:card\" content=\"summary_large_image\" \/>\n<meta name=\"twitter:creator\" content=\"@ReptilWorldPark\" \/>\n<meta name=\"twitter:site\" content=\"@ReptilWorldPark\" \/>\n<meta name=\"twitter:label1\" content=\"Escrito por\" \/>\n\t<meta name=\"twitter:data1\" content=\"Isadora Pombeiro\" \/>\n\t<meta name=\"twitter:label2\" content=\"Tempo estimado de leitura\" \/>\n\t<meta name=\"twitter:data2\" content=\"5 minutos\" \/>\n<script type=\"application\/ld+json\" class=\"yoast-schema-graph\">{\"@context\":\"https:\/\/schema.org\",\"@graph\":[{\"@type\":\"Article\",\"@id\":\"https:\/\/web.afiwai.com\/rwp\/como-e-o-comportamento-social-nos-repteis\/#article\",\"isPartOf\":{\"@id\":\"https:\/\/web.afiwai.com\/rwp\/como-e-o-comportamento-social-nos-repteis\/\"},\"author\":{\"name\":\"Isadora Pombeiro\",\"@id\":\"https:\/\/web.afiwai.com\/rwp\/#\/schema\/person\/2165c37c91b75a4f8c8a0d2a715fd0ce\"},\"headline\":\"Como \u00e9 o comportamento social, nos r\u00e9pteis?\",\"datePublished\":\"2019-03-24T18:52:25+00:00\",\"dateModified\":\"2019-12-13T15:13:47+00:00\",\"mainEntityOfPage\":{\"@id\":\"https:\/\/web.afiwai.com\/rwp\/como-e-o-comportamento-social-nos-repteis\/\"},\"wordCount\":1039,\"commentCount\":0,\"publisher\":{\"@id\":\"https:\/\/web.afiwai.com\/rwp\/#organization\"},\"keywords\":[\"Amblyrhynchus\",\"carapa\u00e7a\",\"Chrysemys\",\"crocodilos\",\"gl\u00e2ndulas\",\"hibernar\",\"iguana\",\"iguanas\",\"Jacobson\",\"Lagartos\",\"mand\u00edbulas\",\"migrat\u00f3rias\",\"Natrix\",\"nidificarem\",\"predador\",\"predadores\",\"r\u00e9pteis\",\"tartarugas\"],\"articleSection\":[\"Blog\"],\"inLanguage\":\"pt-PT\",\"potentialAction\":[{\"@type\":\"CommentAction\",\"name\":\"Comment\",\"target\":[\"https:\/\/web.afiwai.com\/rwp\/como-e-o-comportamento-social-nos-repteis\/#respond\"]}]},{\"@type\":\"WebPage\",\"@id\":\"https:\/\/web.afiwai.com\/rwp\/como-e-o-comportamento-social-nos-repteis\/\",\"url\":\"https:\/\/web.afiwai.com\/rwp\/como-e-o-comportamento-social-nos-repteis\/\",\"name\":\"Como \u00e9 o comportamento social, nos r\u00e9pteis? - Blog\",\"isPartOf\":{\"@id\":\"https:\/\/web.afiwai.com\/rwp\/#website\"},\"datePublished\":\"2019-03-24T18:52:25+00:00\",\"dateModified\":\"2019-12-13T15:13:47+00:00\",\"description\":\"Como \u00e9 o comportamento social, nos r\u00e9pteis? - ReptilWorld Park [Portugal] - Blog - Como \u00e9 o comportamento social, nos r\u00e9pteis?\",\"breadcrumb\":{\"@id\":\"https:\/\/web.afiwai.com\/rwp\/como-e-o-comportamento-social-nos-repteis\/#breadcrumb\"},\"inLanguage\":\"pt-PT\",\"potentialAction\":[{\"@type\":\"ReadAction\",\"target\":[\"https:\/\/web.afiwai.com\/rwp\/como-e-o-comportamento-social-nos-repteis\/\"]}]},{\"@type\":\"BreadcrumbList\",\"@id\":\"https:\/\/web.afiwai.com\/rwp\/como-e-o-comportamento-social-nos-repteis\/#breadcrumb\",\"itemListElement\":[{\"@type\":\"ListItem\",\"position\":1,\"name\":\"Home\",\"item\":\"https:\/\/web.afiwai.com\/rwp\/\"},{\"@type\":\"ListItem\",\"position\":2,\"name\":\"Como \u00e9 o comportamento social, nos r\u00e9pteis?\"}]},{\"@type\":\"WebSite\",\"@id\":\"https:\/\/web.afiwai.com\/rwp\/#website\",\"url\":\"https:\/\/web.afiwai.com\/rwp\/\",\"name\":\"ReptilWorld Park [Portugal]\",\"description\":\"Entra num mundo desconhecido !\",\"publisher\":{\"@id\":\"https:\/\/web.afiwai.com\/rwp\/#organization\"},\"potentialAction\":[{\"@type\":\"SearchAction\",\"target\":{\"@type\":\"EntryPoint\",\"urlTemplate\":\"https:\/\/web.afiwai.com\/rwp\/?s={search_term_string}\"},\"query-input\":\"required name=search_term_string\"}],\"inLanguage\":\"pt-PT\"},{\"@type\":\"Organization\",\"@id\":\"https:\/\/web.afiwai.com\/rwp\/#organization\",\"name\":\"ReptilWorld Park - O in\u00e9dito em Portugal\",\"url\":\"https:\/\/web.afiwai.com\/rwp\/\",\"logo\":{\"@type\":\"ImageObject\",\"inLanguage\":\"pt-PT\",\"@id\":\"https:\/\/web.afiwai.com\/rwp\/#\/schema\/logo\/image\/\",\"url\":\"https:\/\/web.afiwai.com\/rwp\/wp-content\/uploads\/2018\/12\/Logo-cam\u00e9l\u00e9on-750px.png\",\"contentUrl\":\"https:\/\/web.afiwai.com\/rwp\/wp-content\/uploads\/2018\/12\/Logo-cam\u00e9l\u00e9on-750px.png\",\"width\":750,\"height\":341,\"caption\":\"ReptilWorld Park - O in\u00e9dito em Portugal\"},\"image\":{\"@id\":\"https:\/\/web.afiwai.com\/rwp\/#\/schema\/logo\/image\/\"},\"sameAs\":[\"https:\/\/www.facebook.com\/reptilworldpark\/\",\"https:\/\/twitter.com\/ReptilWorldPark\",\"https:\/\/www.instagram.com\/reptilworld_park\/\",\"https:\/\/www.linkedin.com\/in\/reptilworldpark\/\",\"https:\/\/www.youtube.com\/channel\/UCGarBbU4GwhnxAl218yJmDA\"]},{\"@type\":\"Person\",\"@id\":\"https:\/\/web.afiwai.com\/rwp\/#\/schema\/person\/2165c37c91b75a4f8c8a0d2a715fd0ce\",\"name\":\"Isadora Pombeiro\",\"image\":{\"@type\":\"ImageObject\",\"inLanguage\":\"pt-PT\",\"@id\":\"https:\/\/web.afiwai.com\/rwp\/#\/schema\/person\/image\/\",\"url\":\"https:\/\/secure.gravatar.com\/avatar\/fe28481fdbde96410a81708c457e4d19?s=96&d=mm&r=g\",\"contentUrl\":\"https:\/\/secure.gravatar.com\/avatar\/fe28481fdbde96410a81708c457e4d19?s=96&d=mm&r=g\",\"caption\":\"Isadora Pombeiro\"},\"url\":\"https:\/\/web.afiwai.com\/rwp\/author\/isadora-pombeiro\/\"}]}<\/script>\n<!-- \/ Yoast SEO plugin. -->","yoast_head_json":{"title":"Como \u00e9 o comportamento social, nos r\u00e9pteis? - Blog","description":"Como \u00e9 o comportamento social, nos r\u00e9pteis? - ReptilWorld Park [Portugal] - Blog - Como \u00e9 o comportamento social, nos r\u00e9pteis?","robots":{"index":"index","follow":"follow","max-snippet":"max-snippet:-1","max-image-preview":"max-image-preview:large","max-video-preview":"max-video-preview:-1"},"canonical":"https:\/\/web.afiwai.com\/rwp\/como-e-o-comportamento-social-nos-repteis\/","og_locale":"pt_PT","og_type":"article","og_title":"Como \u00e9 o comportamento social, nos r\u00e9pteis? - Blog","og_description":"Como \u00e9 o comportamento social, nos r\u00e9pteis? - ReptilWorld Park [Portugal] - Blog - Como \u00e9 o comportamento social, nos r\u00e9pteis?","og_url":"https:\/\/web.afiwai.com\/rwp\/como-e-o-comportamento-social-nos-repteis\/","og_site_name":"ReptilWorld Park [Portugal]","article_publisher":"https:\/\/www.facebook.com\/reptilworldpark\/","article_published_time":"2019-03-24T18:52:25+00:00","article_modified_time":"2019-12-13T15:13:47+00:00","og_image":[{"width":1920,"height":1285,"url":"https:\/\/web.afiwai.com\/rwp\/wp-content\/uploads\/2019\/03\/Amblyrhynchus-cristatus.png","type":"image\/png"}],"author":"Isadora Pombeiro","twitter_card":"summary_large_image","twitter_creator":"@ReptilWorldPark","twitter_site":"@ReptilWorldPark","twitter_misc":{"Escrito por":"Isadora Pombeiro","Tempo estimado de leitura":"5 minutos"},"schema":{"@context":"https:\/\/schema.org","@graph":[{"@type":"Article","@id":"https:\/\/web.afiwai.com\/rwp\/como-e-o-comportamento-social-nos-repteis\/#article","isPartOf":{"@id":"https:\/\/web.afiwai.com\/rwp\/como-e-o-comportamento-social-nos-repteis\/"},"author":{"name":"Isadora Pombeiro","@id":"https:\/\/web.afiwai.com\/rwp\/#\/schema\/person\/2165c37c91b75a4f8c8a0d2a715fd0ce"},"headline":"Como \u00e9 o comportamento social, nos r\u00e9pteis?","datePublished":"2019-03-24T18:52:25+00:00","dateModified":"2019-12-13T15:13:47+00:00","mainEntityOfPage":{"@id":"https:\/\/web.afiwai.com\/rwp\/como-e-o-comportamento-social-nos-repteis\/"},"wordCount":1039,"commentCount":0,"publisher":{"@id":"https:\/\/web.afiwai.com\/rwp\/#organization"},"keywords":["Amblyrhynchus","carapa\u00e7a","Chrysemys","crocodilos","gl\u00e2ndulas","hibernar","iguana","iguanas","Jacobson","Lagartos","mand\u00edbulas","migrat\u00f3rias","Natrix","nidificarem","predador","predadores","r\u00e9pteis","tartarugas"],"articleSection":["Blog"],"inLanguage":"pt-PT","potentialAction":[{"@type":"CommentAction","name":"Comment","target":["https:\/\/web.afiwai.com\/rwp\/como-e-o-comportamento-social-nos-repteis\/#respond"]}]},{"@type":"WebPage","@id":"https:\/\/web.afiwai.com\/rwp\/como-e-o-comportamento-social-nos-repteis\/","url":"https:\/\/web.afiwai.com\/rwp\/como-e-o-comportamento-social-nos-repteis\/","name":"Como \u00e9 o comportamento social, nos r\u00e9pteis? - Blog","isPartOf":{"@id":"https:\/\/web.afiwai.com\/rwp\/#website"},"datePublished":"2019-03-24T18:52:25+00:00","dateModified":"2019-12-13T15:13:47+00:00","description":"Como \u00e9 o comportamento social, nos r\u00e9pteis? - ReptilWorld Park [Portugal] - Blog - Como \u00e9 o comportamento social, nos r\u00e9pteis?","breadcrumb":{"@id":"https:\/\/web.afiwai.com\/rwp\/como-e-o-comportamento-social-nos-repteis\/#breadcrumb"},"inLanguage":"pt-PT","potentialAction":[{"@type":"ReadAction","target":["https:\/\/web.afiwai.com\/rwp\/como-e-o-comportamento-social-nos-repteis\/"]}]},{"@type":"BreadcrumbList","@id":"https:\/\/web.afiwai.com\/rwp\/como-e-o-comportamento-social-nos-repteis\/#breadcrumb","itemListElement":[{"@type":"ListItem","position":1,"name":"Home","item":"https:\/\/web.afiwai.com\/rwp\/"},{"@type":"ListItem","position":2,"name":"Como \u00e9 o comportamento social, nos r\u00e9pteis?"}]},{"@type":"WebSite","@id":"https:\/\/web.afiwai.com\/rwp\/#website","url":"https:\/\/web.afiwai.com\/rwp\/","name":"ReptilWorld Park [Portugal]","description":"Entra num mundo desconhecido !","publisher":{"@id":"https:\/\/web.afiwai.com\/rwp\/#organization"},"potentialAction":[{"@type":"SearchAction","target":{"@type":"EntryPoint","urlTemplate":"https:\/\/web.afiwai.com\/rwp\/?s={search_term_string}"},"query-input":"required name=search_term_string"}],"inLanguage":"pt-PT"},{"@type":"Organization","@id":"https:\/\/web.afiwai.com\/rwp\/#organization","name":"ReptilWorld Park - O in\u00e9dito em Portugal","url":"https:\/\/web.afiwai.com\/rwp\/","logo":{"@type":"ImageObject","inLanguage":"pt-PT","@id":"https:\/\/web.afiwai.com\/rwp\/#\/schema\/logo\/image\/","url":"https:\/\/web.afiwai.com\/rwp\/wp-content\/uploads\/2018\/12\/Logo-cam\u00e9l\u00e9on-750px.png","contentUrl":"https:\/\/web.afiwai.com\/rwp\/wp-content\/uploads\/2018\/12\/Logo-cam\u00e9l\u00e9on-750px.png","width":750,"height":341,"caption":"ReptilWorld Park - O in\u00e9dito em Portugal"},"image":{"@id":"https:\/\/web.afiwai.com\/rwp\/#\/schema\/logo\/image\/"},"sameAs":["https:\/\/www.facebook.com\/reptilworldpark\/","https:\/\/twitter.com\/ReptilWorldPark","https:\/\/www.instagram.com\/reptilworld_park\/","https:\/\/www.linkedin.com\/in\/reptilworldpark\/","https:\/\/www.youtube.com\/channel\/UCGarBbU4GwhnxAl218yJmDA"]},{"@type":"Person","@id":"https:\/\/web.afiwai.com\/rwp\/#\/schema\/person\/2165c37c91b75a4f8c8a0d2a715fd0ce","name":"Isadora Pombeiro","image":{"@type":"ImageObject","inLanguage":"pt-PT","@id":"https:\/\/web.afiwai.com\/rwp\/#\/schema\/person\/image\/","url":"https:\/\/secure.gravatar.com\/avatar\/fe28481fdbde96410a81708c457e4d19?s=96&d=mm&r=g","contentUrl":"https:\/\/secure.gravatar.com\/avatar\/fe28481fdbde96410a81708c457e4d19?s=96&d=mm&r=g","caption":"Isadora Pombeiro"},"url":"https:\/\/web.afiwai.com\/rwp\/author\/isadora-pombeiro\/"}]}},"_links":{"self":[{"href":"https:\/\/web.afiwai.com\/rwp\/wp-json\/wp\/v2\/posts\/30958"}],"collection":[{"href":"https:\/\/web.afiwai.com\/rwp\/wp-json\/wp\/v2\/posts"}],"about":[{"href":"https:\/\/web.afiwai.com\/rwp\/wp-json\/wp\/v2\/types\/post"}],"author":[{"embeddable":true,"href":"https:\/\/web.afiwai.com\/rwp\/wp-json\/wp\/v2\/users\/3"}],"replies":[{"embeddable":true,"href":"https:\/\/web.afiwai.com\/rwp\/wp-json\/wp\/v2\/comments?post=30958"}],"version-history":[{"count":7,"href":"https:\/\/web.afiwai.com\/rwp\/wp-json\/wp\/v2\/posts\/30958\/revisions"}],"predecessor-version":[{"id":31656,"href":"https:\/\/web.afiwai.com\/rwp\/wp-json\/wp\/v2\/posts\/30958\/revisions\/31656"}],"wp:featuredmedia":[{"embeddable":true,"href":"https:\/\/web.afiwai.com\/rwp\/wp-json\/wp\/v2\/media\/30964"}],"wp:attachment":[{"href":"https:\/\/web.afiwai.com\/rwp\/wp-json\/wp\/v2\/media?parent=30958"}],"wp:term":[{"taxonomy":"category","embeddable":true,"href":"https:\/\/web.afiwai.com\/rwp\/wp-json\/wp\/v2\/categories?post=30958"},{"taxonomy":"post_tag","embeddable":true,"href":"https:\/\/web.afiwai.com\/rwp\/wp-json\/wp\/v2\/tags?post=30958"}],"curies":[{"name":"wp","href":"https:\/\/api.w.org\/{rel}","templated":true}]}}