{"id":30996,"date":"2019-03-30T11:54:22","date_gmt":"2019-03-30T11:54:22","guid":{"rendered":"http:\/\/web.afiwai.com\/rwp\/?p=30996"},"modified":"2019-12-13T15:09:54","modified_gmt":"2019-12-13T15:09:54","slug":"conheces-os-fura-pastos-familia-scincidae","status":"publish","type":"post","link":"https:\/\/web.afiwai.com\/rwp\/conheces-os-fura-pastos-familia-scincidae\/","title":{"rendered":"Conheces os \u201cfura-pastos\u201d? \u2013 Fam\u00edlia Scincidae"},"content":{"rendered":"[et_pb_section fb_built=&#8221;1&#8243; admin_label=&#8221;section&#8221; _builder_version=&#8221;3.22&#8243;][et_pb_row admin_label=&#8221;row&#8221; _builder_version=&#8221;3.25&#8243; background_size=&#8221;initial&#8221; background_position=&#8221;top_left&#8221; background_repeat=&#8221;repeat&#8221;][et_pb_column type=&#8221;4_4&#8243; _builder_version=&#8221;3.25&#8243; custom_padding=&#8221;|||&#8221; custom_padding__hover=&#8221;|||&#8221;][et_pb_text admin_label=&#8221;Text&#8221; _builder_version=&#8221;3.27.4&#8243; background_size=&#8221;initial&#8221; background_position=&#8221;top_left&#8221; background_repeat=&#8221;repeat&#8221;]\n<p style=\"text-align: justify;\"><em><a href=\"https:\/\/web.afiwai.com\/rwp\/tag\/chalcides\/\">#Chalcides<\/a> striatus,<\/em> ou <a href=\"https:\/\/web.afiwai.com\/rwp\/tag\/cobra\/\">#cobra<\/a>-de-pernas-trid\u00e1ctila, conheces? Nome estranho e invulgar, n\u00e3o \u00e9? Poder\u00e1s estar neste momento confuso, ent\u00e3o afinal este r\u00e9ptil \u00e9 uma cobra com pernas? Ou ser\u00e1 que se trata de um <a href=\"https:\/\/web.afiwai.com\/rwp\/tag\/lagarto\/\">#lagarto<\/a>? Mas ent\u00e3o, se tem \u201c#cobra\u201d no nome, isso n\u00e3o \u00e9 ligeiramente controverso? Provavelmente j\u00e1 observaste estes exemplares, s\u00f3 que, eles movem-se t\u00e3o r\u00e1pido que podes ter ficado atrapalhado sem saber que animal te tinha passado por cima dos p\u00e9s! Ora, se calhar era mesmo um comumente chamado de \u201c#fura-pastos\u201d ou \u201ccobra-de-pernas-trid\u00e1ctila\u201d, trata-se de diferentes denomina\u00e7\u00f5es para a mesma esp\u00e9cie. Os \u201cfura-pastos\u201d fazem parte do territ\u00f3rio nacional, podendo ser encontrados tamb\u00e9m, por exemplo, em Espanha e Fran\u00e7a. Neste artigo vou dar-vos este e outros exemplos de exemplares curiosos que fazem parte da mesma fam\u00edlia, de maneira a ficares a conhecer melhor estes animais t\u00e3o interessantes!<\/p>\n<p style=\"text-align: justify;\">O \u201cfura-pastos\u201d \u00e9 um <a href=\"https:\/\/web.afiwai.com\/rwp\/tag\/reptil\/\">#r\u00e9ptil<\/a> bastante esguio e dif\u00edcil de observar, muitas vezes confundido com uma cobra pelo seu modo de locomo\u00e7\u00e3o peculiar, observado muitas vezes a serpentear por entre as ervas, \u00e9 na verdade um lagarto com membros de pequenas dimens\u00f5es, cada um composto por tr\u00eas dedos. Este r\u00e9ptil quando se sente amea\u00e7ado tem um mecanismo de defesa denominado <a href=\"https:\/\/web.afiwai.com\/rwp\/tag\/autotomia\/\">#autotomia<\/a> da <a href=\"https:\/\/web.afiwai.com\/rwp\/tag\/cauda\/\">#cauda<\/a>, tema que j\u00e1 abordei num artigo anterior. Presumivelmente, al\u00e9m da cobra-de-pernas-trid\u00e1ctila, tamb\u00e9m j\u00e1 podes ter ouvido falar da <a href=\"https:\/\/web.afiwai.com\/rwp\/tag\/cobra\/\">#cobra<\/a>-de-pernas-pentad\u00e1ctila (#<em>Chalcides bedriagai<\/em>), mais comumente chamada de \u201c#cobra-de-cinco-dedos\u201d, tem o corpo arredondado e membros pequenos com cinco dedos cada um. A sua colora\u00e7\u00e3o pode variar, geralmente tem o tom castanho, cinzento ou esverdeado, com reflexos met\u00e1licos, podendo apresentar bandas escuras e manchas amareladas ao longo do dorso. Ambas as esp\u00e9cies pertencem \u00e0 fam\u00edlia #<a href=\"https:\/\/pt.wikipedia.org\/wiki\/Scincidae\">Scincidae<\/a>, onde tamb\u00e9m se integram as <a href=\"https:\/\/web.afiwai.com\/rwp\/tag\/lagartixas\/\">#lagartixas<\/a>-verdes (#<em>Prasinohaema virens<\/em>), que apresentam uma caracter\u00edstica bastante especial, advinha s\u00f3: t\u00eam sangue verde! Sim, na realidade, a sua pigmenta\u00e7\u00e3o esverdeada \u00e9 lhe conferida pela b\u00edlis. Al\u00e9m disso, quando exemplares desta esp\u00e9cie abrem a boca mostrando a l\u00edngua, esta tamb\u00e9m \u00e9 verde, e para acrescentar, os ovos colocados pelas f\u00eameas s\u00e3o, tamb\u00e9m eles, da cor verde! Fant\u00e1stico, n\u00e3o concordas? Os animais conseguem sempre surpreender-nos! \u00c9 uma constante aprendizagem. Queres saber mais? Ent\u00e3o vamos a isso! Os r\u00e9pteis pertencentes a esta fam\u00edlia t\u00eam uma alimenta\u00e7\u00e3o variada, alguns alimentam-se de insetos, e existem exemplares omn\u00edvoros! Conheces os <a href=\"https:\/\/web.afiwai.com\/rwp\/tag\/lagartos\/\">#lagartos<\/a>-de-l\u00edngua-azul-ocidental (#<em>Tiliqua occipitalis<\/em>), nativo da Austr\u00e1lia? Sim, tem mesmo a l\u00edngua azul! Esta caracter\u00edstica serve como defesa, pois quando amea\u00e7ados, mostram a sua l\u00edngua. O facto de na natureza cores extravagantes serem normalmente sin\u00f3nimo de perigo, como quem diz \u201cafasta-te!\u201d, os predadores podem recuar. No entanto, como sempre, esta estrat\u00e9gia pode n\u00e3o funcionar, ent\u00e3o o <a href=\"https:\/\/web.afiwai.com\/rwp\/tag\/lagarto\/\">#lagarto<\/a>-de-l\u00edngua-azul ter\u00e1 que desferir uma mordida, que \u00e9 caracter\u00edstica por ser bastante forte, nestes animais.<\/p>\n<p style=\"text-align: justify;\">\n<div id=\"attachment_30997\" style=\"width: 4298px; text-align: justify;\" class=\"wp-caption aligncenter\">\n<p><img decoding=\"async\" loading=\"lazy\" aria-describedby=\"caption-attachment-30997\" class=\"wp-image-30997 size-full\" src=\"http:\/\/web.afiwai.com\/rwp\/wp-content\/uploads\/2019\/03\/Benny_Trapp_Chalcides_striatus_Spanien.jpg\" alt=\"Chalcides striatus - Foto Benny Trapp\" width=\"4288\" height=\"2848\" srcset=\"http:\/\/web.afiwai.com\/rwp\/wp-content\/uploads\/2019\/03\/Benny_Trapp_Chalcides_striatus_Spanien.jpg 4288w, http:\/\/web.afiwai.com\/rwp\/wp-content\/uploads\/2019\/03\/Benny_Trapp_Chalcides_striatus_Spanien-300x199.jpg 300w, http:\/\/web.afiwai.com\/rwp\/wp-content\/uploads\/2019\/03\/Benny_Trapp_Chalcides_striatus_Spanien-768x510.jpg 768w, http:\/\/web.afiwai.com\/rwp\/wp-content\/uploads\/2019\/03\/Benny_Trapp_Chalcides_striatus_Spanien-1024x680.jpg 1024w, http:\/\/web.afiwai.com\/rwp\/wp-content\/uploads\/2019\/03\/Benny_Trapp_Chalcides_striatus_Spanien-1080x717.jpg 1080w, http:\/\/web.afiwai.com\/rwp\/wp-content\/uploads\/2019\/03\/Benny_Trapp_Chalcides_striatus_Spanien-610x405.jpg 610w\" sizes=\"(max-width: 4288px) 100vw, 4288px\" \/><\/p>\n<p id=\"caption-attachment-30997\" class=\"wp-caption-text\"><em>Chalcides striatus<\/em> \u2013 Foto Benny Trapp \u2013 <a href=\"https:\/\/commons.wikimedia.org\/wiki\/File:Benny_Trapp_Chalcides_striatus_Spanien.jpg\" target=\"_blank\" rel=\"noopener noreferrer\">Commons\u00a0<\/a><\/p>\n<\/div>\n<p style=\"text-align: justify;\"><span class=\"et_bloom_bottom_trigger\"><\/span><span class=\"et_social_bottom_trigger\"><\/span><\/p>\n<div class=\"mceTemp\" style=\"text-align: justify;\"><\/div>\n<div class=\"mceTemp\" style=\"text-align: justify;\"><\/div>\n<p style=\"text-align: justify;\">\n<p style=\"text-align: justify;\">Exemplares desta fam\u00edlia ocupam um variado leque de <em>habitats<\/em>, podendo colonizar de desertos a florestas, s\u00e3o geralmente muito ativos durante o dia, no entanto, algumas esp\u00e9cies podem optar pelo crep\u00fasculo ou mesmo pela noite. Alguns adotaram o modo de vida fossador, outros s\u00e3o arbor\u00edcolas e outros terr\u00edcolas, sendo as esp\u00e9cies terrestres bastante ativas. No deserto, \u00e9 comum observar um exemplar desta fam\u00edlia a locomover-se como se \u201cnadasse\u201d na areia. Alguns lagartos desta fam\u00edlia gostam de se alojar em locais rochosos, debaixo de troncos velhos e alguns gostam de viver perto de cursos de \u00e1gua, tendo-se mostrado, excelentes nadadores. Quem diria, n\u00e3o \u00e9? Tanta diversidade numa s\u00f3 fam\u00edlia. Conheces o <a href=\"https:\/\/web.afiwai.com\/rwp\/tag\/escinco\/\">#escinco<\/a>-das-\u00e1rvores (#<em>Corucia zebrata)<\/em>? Trata-se de uma esp\u00e9cie <a href=\"https:\/\/web.afiwai.com\/rwp\/tag\/arboricola\/\">#arbor\u00edcola<\/a>, e para manter o seu sucesso no seu modo de vida, este lagarto tem a caracter\u00edstica de apresentar uma cauda pre\u00eansil! Outra esp\u00e9cie interessante ser\u00e1 o <a href=\"https:\/\/web.afiwai.com\/rwp\/tag\/escinco\/\">#escinco<\/a>-de-cauda-truncada (#<em>Tiliqua rugosa<\/em>), al\u00e9m de armazenar gordura na sua cauda, como uma adapta\u00e7\u00e3o \u00e0 escassez de alimento, existem tamb\u00e9m relatos de casais que permaneceram juntos por mais de uma d\u00e9cada, e isso \u00e9 um acontecimento muito raro, nos <a href=\"https:\/\/web.afiwai.com\/rwp\/tag\/repteis\/\">#r\u00e9pteis<\/a>.<\/p>\n<p style=\"text-align: justify;\">Espero que tenhas gostado de ficar a conhecer mais sobre a fam\u00edlia <a href=\"https:\/\/web.afiwai.com\/rwp\/tag\/scincidae\/\">#Scincidae<\/a>, que integra muitos exemplares interessantes, nomeadamente os \u201c#fura-pastos\u201d, que provavelmente j\u00e1 tinhas observado ou pelo menos, j\u00e1 tinhas ouvido falar! Continua a descobrir mais sobre este mundo t\u00e3o curioso, dos espetaculares r\u00e9pteis, nos pr\u00f3ximos artigos!<\/p>\n[\/et_pb_text][\/et_pb_column][\/et_pb_row][\/et_pb_section]\n<span class=\"et_bloom_bottom_trigger\"><\/span>","protected":false},"excerpt":{"rendered":"<p>#Chalcides striatus, ou #cobra-de-pernas-trid\u00e1ctila, conheces? Nome estranho e invulgar, n\u00e3o \u00e9? Poder\u00e1s estar neste momento confuso, ent\u00e3o afinal este r\u00e9ptil \u00e9 uma cobra com pernas? Ou ser\u00e1 que se trata de um #lagarto? Mas ent\u00e3o, se tem \u201c#cobra\u201d no nome, isso n\u00e3o \u00e9 ligeiramente controverso? Provavelmente j\u00e1 observaste estes exemplares, s\u00f3 que, eles movem-se t\u00e3o r\u00e1pido que podes ter ficado atrapalhado sem saber que animal te tinha passado por cima dos p\u00e9s! Ora, se calhar era mesmo um comumente chamado de \u201c#fura-pastos\u201d ou \u201ccobra-de-pernas-trid\u00e1ctila\u201d, trata-se de diferentes denomina\u00e7\u00f5es para a mesma esp\u00e9cie. Os \u201cfura-pastos\u201d fazem parte do territ\u00f3rio nacional, podendo ser encontrados tamb\u00e9m, por exemplo, em Espanha e Fran\u00e7a. Neste artigo vou dar-vos este e outros exemplos de exemplares curiosos que fazem parte da mesma fam\u00edlia, de maneira a ficares a conhecer melhor estes animais t\u00e3o interessantes! O \u201cfura-pastos\u201d \u00e9 um #r\u00e9ptil bastante esguio e dif\u00edcil de observar, muitas vezes [&hellip;]<\/p>\n","protected":false},"author":3,"featured_media":30997,"comment_status":"open","ping_status":"open","sticky":false,"template":"","format":"standard","meta":{"_et_pb_use_builder":"on","_et_pb_old_content":"<em>Chalcides striatus,<\/em> ou cobra-de-pernas-trid\u00e1ctila, conheces? Nome estranho e invulgar, n\u00e3o \u00e9? Poder\u00e1s estar neste momento confuso, ent\u00e3o afinal este r\u00e9ptil \u00e9 uma cobra com pernas? Ou ser\u00e1 que se trata de um lagarto? Mas ent\u00e3o, se tem \u201ccobra\u201d no nome, isso n\u00e3o \u00e9 ligeiramente controverso? Provavelmente j\u00e1 observaste estes exemplares, s\u00f3 que, eles movem-se t\u00e3o r\u00e1pido que podes ter ficado atrapalhado sem saber que animal te tinha passado por cima dos p\u00e9s! Ora, se calhar era mesmo um comumente chamado de \u201cfura-pastos\u201d ou \u201ccobra-de-pernas-trid\u00e1ctila\u201d, trata-se de diferentes denomina\u00e7\u00f5es para a mesma esp\u00e9cie. Os \u201cfura-pastos\u201d fazem parte do territ\u00f3rio nacional, podendo ser encontrados tamb\u00e9m, por exemplo, em Espanha e Fran\u00e7a. Neste artigo vou dar-vos este e outros exemplos de exemplares curiosos que fazem parte da mesma fam\u00edlia, de maneira a ficares a conhecer melhor estes animais t\u00e3o interessantes!\r\n\r\nO \u201cfura-pastos\u201d \u00e9 um r\u00e9ptil bastante esguio e dif\u00edcil de observar, muitas vezes confundido com uma cobra pelo seu modo de locomo\u00e7\u00e3o peculiar, observado muitas vezes a serpentear por entre as ervas, \u00e9 na verdade um lagarto com membros de pequenas dimens\u00f5es, cada um composto por tr\u00eas dedos. Este r\u00e9ptil quando se sente amea\u00e7ado tem um mecanismo de defesa denominado autotomia da cauda, tema que j\u00e1 abordei num artigo anterior. Presumivelmente, al\u00e9m da cobra-de-pernas-trid\u00e1ctila, tamb\u00e9m j\u00e1 podes ter ouvido falar da cobra-de-pernas-pentad\u00e1ctila (<em>Chalcides bedriagai<\/em>), mais comumente chamada de \u201ccobra-de-cinco-dedos\u201d, tem o corpo arredondado e membros pequenos com cinco dedos cada um. A sua colora\u00e7\u00e3o pode variar, geralmente tem o tom castanho, cinzento ou esverdeado, com reflexos met\u00e1licos, podendo apresentar bandas escuras e manchas amareladas ao longo do dorso. Ambas as esp\u00e9cies pertencem \u00e0 fam\u00edlia <a href=\"https:\/\/pt.wikipedia.org\/wiki\/Scincidae\">Scincidae<\/a>, onde tamb\u00e9m se integram as lagartixas-verdes (<em>Prasinohaema virens<\/em>), que apresentam uma caracter\u00edstica bastante especial, advinha s\u00f3: t\u00eam sangue verde! Sim, na realidade, a sua pigmenta\u00e7\u00e3o esverdeada \u00e9 lhe conferida pela b\u00edlis. Al\u00e9m disso, quando exemplares desta esp\u00e9cie abrem a boca mostrando a l\u00edngua, esta tamb\u00e9m \u00e9 verde, e para acrescentar, os ovos colocados pelas f\u00eameas s\u00e3o, tamb\u00e9m eles, da cor verde! Fant\u00e1stico, n\u00e3o concordas? Os animais conseguem sempre surpreender-nos! \u00c9 uma constante aprendizagem. Queres saber mais? Ent\u00e3o vamos a isso! Os r\u00e9pteis pertencentes a esta fam\u00edlia t\u00eam uma alimenta\u00e7\u00e3o variada, alguns alimentam-se de insetos, e existem exemplares omn\u00edvoros! Conheces os lagartos-de-l\u00edngua-azul-ocidental (<em>Tiliqua occipitalis<\/em>), nativo da Austr\u00e1lia? Sim, tem mesmo a l\u00edngua azul! Esta caracter\u00edstica serve como defesa, pois quando amea\u00e7ados, mostram a sua l\u00edngua. O facto de na natureza cores extravagantes serem normalmente sin\u00f3nimo de perigo, como quem diz \u201cafasta-te!\u201d, os predadores podem recuar. No entanto, como sempre, esta estrat\u00e9gia pode n\u00e3o funcionar, ent\u00e3o o lagarto-de-l\u00edngua-azul ter\u00e1 que desferir uma mordida, que \u00e9 caracter\u00edstica por ser bastante forte, nestes animais.\r\n\r\n&nbsp;\r\n\r\n[caption id=\"attachment_30997\" align=\"aligncenter\" width=\"4288\"]<img class=\"wp-image-30997 size-full\" src=\"http:\/\/web.afiwai.com\/rwp\/wp-content\/uploads\/2019\/03\/Benny_Trapp_Chalcides_striatus_Spanien.jpg\" alt=\"Chalcides striatus - Foto Benny Trapp\" width=\"4288\" height=\"2848\" \/> <em>Chalcides striatus<\/em> - Foto Benny Trapp - <a href=\"https:\/\/commons.wikimedia.org\/wiki\/File:Benny_Trapp_Chalcides_striatus_Spanien.jpg\" target=\"_blank\" rel=\"noopener noreferrer\">Commons\u00a0<\/a>[\/caption]\r\n\r\n<div class=\"mceTemp\"><\/div>\r\n<div class=\"mceTemp\"><\/div>\r\n&nbsp;\r\n\r\nExemplares desta fam\u00edlia ocupam um variado leque de <em>habitats<\/em>, podendo colonizar de desertos a florestas, s\u00e3o geralmente muito ativos durante o dia, no entanto, algumas esp\u00e9cies podem optar pelo crep\u00fasculo ou mesmo pela noite. Alguns adotaram o modo de vida fossador, outros s\u00e3o arbor\u00edcolas e outros terr\u00edcolas, sendo as esp\u00e9cies terrestres bastante ativas. No deserto, \u00e9 comum observar um exemplar desta fam\u00edlia a locomover-se como se \u201cnadasse\u201d na areia. Alguns lagartos desta fam\u00edlia gostam de se alojar em locais rochosos, debaixo de troncos velhos e alguns gostam de viver perto de cursos de \u00e1gua, tendo-se mostrado, excelentes nadadores. Quem diria, n\u00e3o \u00e9? Tanta diversidade numa s\u00f3 fam\u00edlia. Conheces o escinco-das-\u00e1rvores (<em>Corucia zebrata)<\/em>? Trata-se de uma esp\u00e9cie arbor\u00edcola, e para manter o seu sucesso no seu modo de vida, este lagarto tem a caracter\u00edstica de apresentar uma cauda pre\u00eansil! Outra esp\u00e9cie interessante ser\u00e1 o escinco-de-cauda-truncada (<em>Tiliqua rugosa<\/em>), al\u00e9m de armazenar gordura na sua cauda, como uma adapta\u00e7\u00e3o \u00e0 escassez de alimento, existem tamb\u00e9m relatos de casais que permaneceram juntos por mais de uma d\u00e9cada, e isso \u00e9 um acontecimento muito raro, nos r\u00e9pteis.\r\n\r\nEspero que tenhas gostado de ficar a conhecer mais sobre a fam\u00edlia Scincidae, que integra muitos exemplares interessantes, nomeadamente os \u201cfura-pastos\u201d, que provavelmente j\u00e1 tinhas observado ou pelo menos, j\u00e1 tinhas ouvido falar! Continua a descobrir mais sobre este mundo t\u00e3o curioso, dos espetaculares r\u00e9pteis, nos pr\u00f3ximos artigos!","_et_gb_content_width":""},"categories":[40],"tags":[145,202,203,204,130,210,209,206,138,176,207,164,132,205,208],"yoast_head":"<!-- This site is optimized with the Yoast SEO plugin v20.5 - https:\/\/yoast.com\/wordpress\/plugins\/seo\/ -->\n<title>Conheces os \u201cfura-pastos\u201d? \u2013 Fam\u00edlia Scincidae - ReptilWorld Park [Portugal]<\/title>\n<meta name=\"description\" content=\"P\u00e1gina oficial do futuro 1\u00ba Reptilario de Portugal que est\u00e1 em prepara\u00e7\u00e3o! Not\u00edcias, Novidades, Desenvolvimento de Projetos, Blog, Ofertas de emprego, Busca de investidores. Mantenha-se informado e aprenda a conhecer os r\u00e9pteis. Um projeto grande est\u00e1 chegando. ReptilWorld Park [Portugal] - Um novo mundo abre-se agora!\" \/>\n<meta name=\"robots\" content=\"index, follow, max-snippet:-1, max-image-preview:large, max-video-preview:-1\" \/>\n<link rel=\"canonical\" href=\"https:\/\/web.afiwai.com\/rwp\/conheces-os-fura-pastos-familia-scincidae\/\" \/>\n<meta property=\"og:locale\" content=\"pt_PT\" \/>\n<meta property=\"og:type\" content=\"article\" \/>\n<meta property=\"og:title\" content=\"Conheces os \u201cfura-pastos\u201d? \u2013 Fam\u00edlia Scincidae - ReptilWorld Park [Portugal]\" \/>\n<meta property=\"og:description\" content=\"P\u00e1gina oficial do futuro 1\u00ba Reptilario de Portugal que est\u00e1 em prepara\u00e7\u00e3o! Not\u00edcias, Novidades, Desenvolvimento de Projetos, Blog, Ofertas de emprego, Busca de investidores. Mantenha-se informado e aprenda a conhecer os r\u00e9pteis. Um projeto grande est\u00e1 chegando. ReptilWorld Park [Portugal] - Um novo mundo abre-se agora!\" \/>\n<meta property=\"og:url\" content=\"https:\/\/web.afiwai.com\/rwp\/conheces-os-fura-pastos-familia-scincidae\/\" \/>\n<meta property=\"og:site_name\" content=\"ReptilWorld Park [Portugal]\" \/>\n<meta property=\"article:publisher\" content=\"https:\/\/www.facebook.com\/reptilworldpark\/\" \/>\n<meta property=\"article:published_time\" content=\"2019-03-30T11:54:22+00:00\" \/>\n<meta property=\"article:modified_time\" content=\"2019-12-13T15:09:54+00:00\" \/>\n<meta property=\"og:image\" content=\"https:\/\/web.afiwai.com\/rwp\/wp-content\/uploads\/2019\/03\/Benny_Trapp_Chalcides_striatus_Spanien-1024x680.jpg\" \/>\n\t<meta property=\"og:image:width\" content=\"1024\" \/>\n\t<meta property=\"og:image:height\" content=\"680\" \/>\n\t<meta property=\"og:image:type\" content=\"image\/jpeg\" \/>\n<meta name=\"author\" content=\"Isadora Pombeiro\" \/>\n<meta name=\"twitter:card\" content=\"summary_large_image\" \/>\n<meta name=\"twitter:creator\" content=\"@ReptilWorldPark\" \/>\n<meta name=\"twitter:site\" content=\"@ReptilWorldPark\" \/>\n<meta name=\"twitter:label1\" content=\"Escrito por\" \/>\n\t<meta name=\"twitter:data1\" content=\"Isadora Pombeiro\" \/>\n\t<meta name=\"twitter:label2\" content=\"Tempo estimado de leitura\" \/>\n\t<meta name=\"twitter:data2\" content=\"4 minutos\" \/>\n<script type=\"application\/ld+json\" class=\"yoast-schema-graph\">{\"@context\":\"https:\/\/schema.org\",\"@graph\":[{\"@type\":\"Article\",\"@id\":\"https:\/\/web.afiwai.com\/rwp\/conheces-os-fura-pastos-familia-scincidae\/#article\",\"isPartOf\":{\"@id\":\"https:\/\/web.afiwai.com\/rwp\/conheces-os-fura-pastos-familia-scincidae\/\"},\"author\":{\"name\":\"Isadora Pombeiro\",\"@id\":\"https:\/\/web.afiwai.com\/rwp\/#\/schema\/person\/2165c37c91b75a4f8c8a0d2a715fd0ce\"},\"headline\":\"Conheces os \u201cfura-pastos\u201d? \u2013 Fam\u00edlia Scincidae\",\"datePublished\":\"2019-03-30T11:54:22+00:00\",\"dateModified\":\"2019-12-13T15:09:54+00:00\",\"mainEntityOfPage\":{\"@id\":\"https:\/\/web.afiwai.com\/rwp\/conheces-os-fura-pastos-familia-scincidae\/\"},\"wordCount\":831,\"commentCount\":0,\"publisher\":{\"@id\":\"https:\/\/web.afiwai.com\/rwp\/#organization\"},\"keywords\":[\"arbor\u00edcola\",\"autotomia\",\"cauda\",\"Chalcides\",\"cobra\",\"Corucia\",\"escinco\",\"lagartixas\",\"lagarto\",\"Lagartos\",\"Prasinohaema\",\"r\u00e9pteis\",\"r\u00e9ptil\",\"Scincidae\",\"Tiliqua\"],\"articleSection\":[\"Blog\"],\"inLanguage\":\"pt-PT\",\"potentialAction\":[{\"@type\":\"CommentAction\",\"name\":\"Comment\",\"target\":[\"https:\/\/web.afiwai.com\/rwp\/conheces-os-fura-pastos-familia-scincidae\/#respond\"]}]},{\"@type\":\"WebPage\",\"@id\":\"https:\/\/web.afiwai.com\/rwp\/conheces-os-fura-pastos-familia-scincidae\/\",\"url\":\"https:\/\/web.afiwai.com\/rwp\/conheces-os-fura-pastos-familia-scincidae\/\",\"name\":\"Conheces os \u201cfura-pastos\u201d? \u2013 Fam\u00edlia Scincidae - ReptilWorld Park [Portugal]\",\"isPartOf\":{\"@id\":\"https:\/\/web.afiwai.com\/rwp\/#website\"},\"datePublished\":\"2019-03-30T11:54:22+00:00\",\"dateModified\":\"2019-12-13T15:09:54+00:00\",\"description\":\"P\u00e1gina oficial do futuro 1\u00ba Reptilario de Portugal que est\u00e1 em prepara\u00e7\u00e3o! Not\u00edcias, Novidades, Desenvolvimento de Projetos, Blog, Ofertas de emprego, Busca de investidores. Mantenha-se informado e aprenda a conhecer os r\u00e9pteis. Um projeto grande est\u00e1 chegando. ReptilWorld Park [Portugal] - Um novo mundo abre-se agora!\",\"breadcrumb\":{\"@id\":\"https:\/\/web.afiwai.com\/rwp\/conheces-os-fura-pastos-familia-scincidae\/#breadcrumb\"},\"inLanguage\":\"pt-PT\",\"potentialAction\":[{\"@type\":\"ReadAction\",\"target\":[\"https:\/\/web.afiwai.com\/rwp\/conheces-os-fura-pastos-familia-scincidae\/\"]}]},{\"@type\":\"BreadcrumbList\",\"@id\":\"https:\/\/web.afiwai.com\/rwp\/conheces-os-fura-pastos-familia-scincidae\/#breadcrumb\",\"itemListElement\":[{\"@type\":\"ListItem\",\"position\":1,\"name\":\"Home\",\"item\":\"https:\/\/web.afiwai.com\/rwp\/\"},{\"@type\":\"ListItem\",\"position\":2,\"name\":\"Conheces os \u201cfura-pastos\u201d? \u2013 Fam\u00edlia Scincidae\"}]},{\"@type\":\"WebSite\",\"@id\":\"https:\/\/web.afiwai.com\/rwp\/#website\",\"url\":\"https:\/\/web.afiwai.com\/rwp\/\",\"name\":\"ReptilWorld Park [Portugal]\",\"description\":\"Entra num mundo desconhecido !\",\"publisher\":{\"@id\":\"https:\/\/web.afiwai.com\/rwp\/#organization\"},\"potentialAction\":[{\"@type\":\"SearchAction\",\"target\":{\"@type\":\"EntryPoint\",\"urlTemplate\":\"https:\/\/web.afiwai.com\/rwp\/?s={search_term_string}\"},\"query-input\":\"required name=search_term_string\"}],\"inLanguage\":\"pt-PT\"},{\"@type\":\"Organization\",\"@id\":\"https:\/\/web.afiwai.com\/rwp\/#organization\",\"name\":\"ReptilWorld Park - O in\u00e9dito em Portugal\",\"url\":\"https:\/\/web.afiwai.com\/rwp\/\",\"logo\":{\"@type\":\"ImageObject\",\"inLanguage\":\"pt-PT\",\"@id\":\"https:\/\/web.afiwai.com\/rwp\/#\/schema\/logo\/image\/\",\"url\":\"https:\/\/web.afiwai.com\/rwp\/wp-content\/uploads\/2018\/12\/Logo-cam\u00e9l\u00e9on-750px.png\",\"contentUrl\":\"https:\/\/web.afiwai.com\/rwp\/wp-content\/uploads\/2018\/12\/Logo-cam\u00e9l\u00e9on-750px.png\",\"width\":750,\"height\":341,\"caption\":\"ReptilWorld Park - O in\u00e9dito em Portugal\"},\"image\":{\"@id\":\"https:\/\/web.afiwai.com\/rwp\/#\/schema\/logo\/image\/\"},\"sameAs\":[\"https:\/\/www.facebook.com\/reptilworldpark\/\",\"https:\/\/twitter.com\/ReptilWorldPark\",\"https:\/\/www.instagram.com\/reptilworld_park\/\",\"https:\/\/www.linkedin.com\/in\/reptilworldpark\/\",\"https:\/\/www.youtube.com\/channel\/UCGarBbU4GwhnxAl218yJmDA\"]},{\"@type\":\"Person\",\"@id\":\"https:\/\/web.afiwai.com\/rwp\/#\/schema\/person\/2165c37c91b75a4f8c8a0d2a715fd0ce\",\"name\":\"Isadora Pombeiro\",\"image\":{\"@type\":\"ImageObject\",\"inLanguage\":\"pt-PT\",\"@id\":\"https:\/\/web.afiwai.com\/rwp\/#\/schema\/person\/image\/\",\"url\":\"https:\/\/secure.gravatar.com\/avatar\/fe28481fdbde96410a81708c457e4d19?s=96&d=mm&r=g\",\"contentUrl\":\"https:\/\/secure.gravatar.com\/avatar\/fe28481fdbde96410a81708c457e4d19?s=96&d=mm&r=g\",\"caption\":\"Isadora Pombeiro\"},\"url\":\"https:\/\/web.afiwai.com\/rwp\/author\/isadora-pombeiro\/\"}]}<\/script>\n<!-- \/ Yoast SEO plugin. -->","yoast_head_json":{"title":"Conheces os \u201cfura-pastos\u201d? \u2013 Fam\u00edlia Scincidae - ReptilWorld Park [Portugal]","description":"P\u00e1gina oficial do futuro 1\u00ba Reptilario de Portugal que est\u00e1 em prepara\u00e7\u00e3o! Not\u00edcias, Novidades, Desenvolvimento de Projetos, Blog, Ofertas de emprego, Busca de investidores. Mantenha-se informado e aprenda a conhecer os r\u00e9pteis. Um projeto grande est\u00e1 chegando. ReptilWorld Park [Portugal] - Um novo mundo abre-se agora!","robots":{"index":"index","follow":"follow","max-snippet":"max-snippet:-1","max-image-preview":"max-image-preview:large","max-video-preview":"max-video-preview:-1"},"canonical":"https:\/\/web.afiwai.com\/rwp\/conheces-os-fura-pastos-familia-scincidae\/","og_locale":"pt_PT","og_type":"article","og_title":"Conheces os \u201cfura-pastos\u201d? \u2013 Fam\u00edlia Scincidae - ReptilWorld Park [Portugal]","og_description":"P\u00e1gina oficial do futuro 1\u00ba Reptilario de Portugal que est\u00e1 em prepara\u00e7\u00e3o! Not\u00edcias, Novidades, Desenvolvimento de Projetos, Blog, Ofertas de emprego, Busca de investidores. Mantenha-se informado e aprenda a conhecer os r\u00e9pteis. Um projeto grande est\u00e1 chegando. ReptilWorld Park [Portugal] - Um novo mundo abre-se agora!","og_url":"https:\/\/web.afiwai.com\/rwp\/conheces-os-fura-pastos-familia-scincidae\/","og_site_name":"ReptilWorld Park [Portugal]","article_publisher":"https:\/\/www.facebook.com\/reptilworldpark\/","article_published_time":"2019-03-30T11:54:22+00:00","article_modified_time":"2019-12-13T15:09:54+00:00","og_image":[{"width":1024,"height":680,"url":"https:\/\/web.afiwai.com\/rwp\/wp-content\/uploads\/2019\/03\/Benny_Trapp_Chalcides_striatus_Spanien-1024x680.jpg","type":"image\/jpeg"}],"author":"Isadora Pombeiro","twitter_card":"summary_large_image","twitter_creator":"@ReptilWorldPark","twitter_site":"@ReptilWorldPark","twitter_misc":{"Escrito por":"Isadora Pombeiro","Tempo estimado de leitura":"4 minutos"},"schema":{"@context":"https:\/\/schema.org","@graph":[{"@type":"Article","@id":"https:\/\/web.afiwai.com\/rwp\/conheces-os-fura-pastos-familia-scincidae\/#article","isPartOf":{"@id":"https:\/\/web.afiwai.com\/rwp\/conheces-os-fura-pastos-familia-scincidae\/"},"author":{"name":"Isadora Pombeiro","@id":"https:\/\/web.afiwai.com\/rwp\/#\/schema\/person\/2165c37c91b75a4f8c8a0d2a715fd0ce"},"headline":"Conheces os \u201cfura-pastos\u201d? \u2013 Fam\u00edlia Scincidae","datePublished":"2019-03-30T11:54:22+00:00","dateModified":"2019-12-13T15:09:54+00:00","mainEntityOfPage":{"@id":"https:\/\/web.afiwai.com\/rwp\/conheces-os-fura-pastos-familia-scincidae\/"},"wordCount":831,"commentCount":0,"publisher":{"@id":"https:\/\/web.afiwai.com\/rwp\/#organization"},"keywords":["arbor\u00edcola","autotomia","cauda","Chalcides","cobra","Corucia","escinco","lagartixas","lagarto","Lagartos","Prasinohaema","r\u00e9pteis","r\u00e9ptil","Scincidae","Tiliqua"],"articleSection":["Blog"],"inLanguage":"pt-PT","potentialAction":[{"@type":"CommentAction","name":"Comment","target":["https:\/\/web.afiwai.com\/rwp\/conheces-os-fura-pastos-familia-scincidae\/#respond"]}]},{"@type":"WebPage","@id":"https:\/\/web.afiwai.com\/rwp\/conheces-os-fura-pastos-familia-scincidae\/","url":"https:\/\/web.afiwai.com\/rwp\/conheces-os-fura-pastos-familia-scincidae\/","name":"Conheces os \u201cfura-pastos\u201d? \u2013 Fam\u00edlia Scincidae - ReptilWorld Park [Portugal]","isPartOf":{"@id":"https:\/\/web.afiwai.com\/rwp\/#website"},"datePublished":"2019-03-30T11:54:22+00:00","dateModified":"2019-12-13T15:09:54+00:00","description":"P\u00e1gina oficial do futuro 1\u00ba Reptilario de Portugal que est\u00e1 em prepara\u00e7\u00e3o! Not\u00edcias, Novidades, Desenvolvimento de Projetos, Blog, Ofertas de emprego, Busca de investidores. Mantenha-se informado e aprenda a conhecer os r\u00e9pteis. Um projeto grande est\u00e1 chegando. ReptilWorld Park [Portugal] - Um novo mundo abre-se agora!","breadcrumb":{"@id":"https:\/\/web.afiwai.com\/rwp\/conheces-os-fura-pastos-familia-scincidae\/#breadcrumb"},"inLanguage":"pt-PT","potentialAction":[{"@type":"ReadAction","target":["https:\/\/web.afiwai.com\/rwp\/conheces-os-fura-pastos-familia-scincidae\/"]}]},{"@type":"BreadcrumbList","@id":"https:\/\/web.afiwai.com\/rwp\/conheces-os-fura-pastos-familia-scincidae\/#breadcrumb","itemListElement":[{"@type":"ListItem","position":1,"name":"Home","item":"https:\/\/web.afiwai.com\/rwp\/"},{"@type":"ListItem","position":2,"name":"Conheces os \u201cfura-pastos\u201d? \u2013 Fam\u00edlia Scincidae"}]},{"@type":"WebSite","@id":"https:\/\/web.afiwai.com\/rwp\/#website","url":"https:\/\/web.afiwai.com\/rwp\/","name":"ReptilWorld Park [Portugal]","description":"Entra num mundo desconhecido !","publisher":{"@id":"https:\/\/web.afiwai.com\/rwp\/#organization"},"potentialAction":[{"@type":"SearchAction","target":{"@type":"EntryPoint","urlTemplate":"https:\/\/web.afiwai.com\/rwp\/?s={search_term_string}"},"query-input":"required name=search_term_string"}],"inLanguage":"pt-PT"},{"@type":"Organization","@id":"https:\/\/web.afiwai.com\/rwp\/#organization","name":"ReptilWorld Park - O in\u00e9dito em Portugal","url":"https:\/\/web.afiwai.com\/rwp\/","logo":{"@type":"ImageObject","inLanguage":"pt-PT","@id":"https:\/\/web.afiwai.com\/rwp\/#\/schema\/logo\/image\/","url":"https:\/\/web.afiwai.com\/rwp\/wp-content\/uploads\/2018\/12\/Logo-cam\u00e9l\u00e9on-750px.png","contentUrl":"https:\/\/web.afiwai.com\/rwp\/wp-content\/uploads\/2018\/12\/Logo-cam\u00e9l\u00e9on-750px.png","width":750,"height":341,"caption":"ReptilWorld Park - O in\u00e9dito em Portugal"},"image":{"@id":"https:\/\/web.afiwai.com\/rwp\/#\/schema\/logo\/image\/"},"sameAs":["https:\/\/www.facebook.com\/reptilworldpark\/","https:\/\/twitter.com\/ReptilWorldPark","https:\/\/www.instagram.com\/reptilworld_park\/","https:\/\/www.linkedin.com\/in\/reptilworldpark\/","https:\/\/www.youtube.com\/channel\/UCGarBbU4GwhnxAl218yJmDA"]},{"@type":"Person","@id":"https:\/\/web.afiwai.com\/rwp\/#\/schema\/person\/2165c37c91b75a4f8c8a0d2a715fd0ce","name":"Isadora Pombeiro","image":{"@type":"ImageObject","inLanguage":"pt-PT","@id":"https:\/\/web.afiwai.com\/rwp\/#\/schema\/person\/image\/","url":"https:\/\/secure.gravatar.com\/avatar\/fe28481fdbde96410a81708c457e4d19?s=96&d=mm&r=g","contentUrl":"https:\/\/secure.gravatar.com\/avatar\/fe28481fdbde96410a81708c457e4d19?s=96&d=mm&r=g","caption":"Isadora Pombeiro"},"url":"https:\/\/web.afiwai.com\/rwp\/author\/isadora-pombeiro\/"}]}},"_links":{"self":[{"href":"https:\/\/web.afiwai.com\/rwp\/wp-json\/wp\/v2\/posts\/30996"}],"collection":[{"href":"https:\/\/web.afiwai.com\/rwp\/wp-json\/wp\/v2\/posts"}],"about":[{"href":"https:\/\/web.afiwai.com\/rwp\/wp-json\/wp\/v2\/types\/post"}],"author":[{"embeddable":true,"href":"https:\/\/web.afiwai.com\/rwp\/wp-json\/wp\/v2\/users\/3"}],"replies":[{"embeddable":true,"href":"https:\/\/web.afiwai.com\/rwp\/wp-json\/wp\/v2\/comments?post=30996"}],"version-history":[{"count":4,"href":"https:\/\/web.afiwai.com\/rwp\/wp-json\/wp\/v2\/posts\/30996\/revisions"}],"predecessor-version":[{"id":31652,"href":"https:\/\/web.afiwai.com\/rwp\/wp-json\/wp\/v2\/posts\/30996\/revisions\/31652"}],"wp:featuredmedia":[{"embeddable":true,"href":"https:\/\/web.afiwai.com\/rwp\/wp-json\/wp\/v2\/media\/30997"}],"wp:attachment":[{"href":"https:\/\/web.afiwai.com\/rwp\/wp-json\/wp\/v2\/media?parent=30996"}],"wp:term":[{"taxonomy":"category","embeddable":true,"href":"https:\/\/web.afiwai.com\/rwp\/wp-json\/wp\/v2\/categories?post=30996"},{"taxonomy":"post_tag","embeddable":true,"href":"https:\/\/web.afiwai.com\/rwp\/wp-json\/wp\/v2\/tags?post=30996"}],"curies":[{"name":"wp","href":"https:\/\/api.w.org\/{rel}","templated":true}]}}