{"id":31104,"date":"2019-05-19T18:02:15","date_gmt":"2019-05-19T17:02:15","guid":{"rendered":"http:\/\/web.afiwai.com\/rwp\/?p=31104"},"modified":"2019-12-13T14:51:18","modified_gmt":"2019-12-13T14:51:18","slug":"as-viboras-das-arvores-genero-atheris","status":"publish","type":"post","link":"https:\/\/web.afiwai.com\/rwp\/as-viboras-das-arvores-genero-atheris\/","title":{"rendered":"As v\u00edboras-das-\u00e1rvores: g\u00e9nero Atheris"},"content":{"rendered":"[et_pb_section fb_built=&#8221;1&#8243; admin_label=&#8221;section&#8221; _builder_version=&#8221;3.22.3&#8243;][et_pb_row admin_label=&#8221;row&#8221; _builder_version=&#8221;3.25&#8243; background_size=&#8221;initial&#8221; background_position=&#8221;top_left&#8221; background_repeat=&#8221;repeat&#8221; custom_padding=&#8221;0px|||||&#8221;][et_pb_column type=&#8221;4_4&#8243; _builder_version=&#8221;3.25&#8243; custom_padding=&#8221;|||&#8221; custom_padding__hover=&#8221;|||&#8221;][et_pb_text admin_label=&#8221;Text&#8221; _builder_version=&#8221;3.27.4&#8243; background_size=&#8221;initial&#8221; background_position=&#8221;top_left&#8221; background_repeat=&#8221;repeat&#8221;]\n<p><em style=\"color: #999999; font-size: 14px; text-align: justify;\"><span class=\"bp-first-letter\">F<\/span><span>oto de apresenta\u00e7\u00e3o: #<em>Atheris hispida &#8211; Bree McGhee [Flickr]<\/em><\/span><\/em><\/p>\n<p style=\"text-align: justify;\"><span><\/span>Existem in\u00fameras supersti\u00e7\u00f5es relacionadas com as <a href=\"https:\/\/web.afiwai.com\/rwp\/tag\/serpentes\/\">#serpentes<\/a>, e na sua grande maioria, afirmam que estes animais s\u00e3o seres repugnantes e agressivos, sendo a luta pela preserva\u00e7\u00e3o destes <a href=\"https:\/\/web.afiwai.com\/rwp\/tag\/repteis\/\">#r\u00e9pteis<\/a> um trabalho exaustivamente dif\u00edcil. Muitas popula\u00e7\u00f5es est\u00e3o amea\u00e7adas pela destrui\u00e7\u00e3o e fragmenta\u00e7\u00e3o de <em>habitat<\/em>. O facto de n\u00e3o serem animais f\u00e1ceis de se gostar, por toda a mitologia em que estas muitas vezes s\u00e3o inseridas, e pelas popula\u00e7\u00f5es \u00e0 escala global, que muitas vezes t\u00eam \u00f3dio a estes animais, e nem sabem bem porqu\u00ea, torna a <a href=\"https:\/\/web.afiwai.com\/rwp\/tag\/preservacao\/\">#preserva\u00e7\u00e3o<\/a> e prote\u00e7\u00e3o destes exemplares um caminho \u00e1rduo. Mas, afinal de contas, muitas <a href=\"https:\/\/web.afiwai.com\/rwp\/tag\/serpentes\/\">#serpentes<\/a> n\u00e3o s\u00e3o portadoras de <a href=\"https:\/\/web.afiwai.com\/rwp\/tag\/veneno\/\">#veneno<\/a>, muitas <a href=\"https:\/\/web.afiwai.com\/rwp\/tag\/serpentes\/\">#serpentes<\/a> s\u00e3o amistosas, e at\u00e9 se afastam o mais que podem dos Humanos, obviamente que se se, sentirem em perigo ou encurraladas a natureza delas diz-lhes primeiro para fugirem, e se n\u00e3o o conseguirem fazer, t\u00eam que se defender com as armas com as quais a m\u00e3e natureza as presenteou. Sendo assim, n\u00e3o s\u00e3o t\u00e3o diferentes de n\u00f3s, como queremos fazer passar, n\u00e3o \u00e9? Para al\u00e9m disso, s\u00e3o animais que vale muito a pena conhecer, al\u00e9m de serem dotados de cores e de padr\u00f5es extremamente \u00fanicos, s\u00e3o tamb\u00e9m importantes para o equil\u00edbrio do meio que integram, temos que ter consci\u00eancia que todos os seres vivos existem e t\u00eam um papel no equil\u00edbrio do ecossistema que integram, e muitas vezes somos n\u00f3s, Humanos, que criamos uma instabilidade no meio, e os animais t\u00eam que se adaptar in\u00fameras vezes, e uma das maneiras que encontram de ultrapassar determinadas imposi\u00e7\u00f5es \u00e9 por exemplo, aproximando-se das casas em busca de alimento, quando este escasseia. \u00c9 por tudo isso que hoje decidi trazer-vos o fant\u00e1stico exemplo de um g\u00e9nero em particular: #<em>Atheris<\/em>, que pertence \u00e0 fam\u00edlia das <a href=\"https:\/\/web.afiwai.com\/rwp\/tag\/viboras\/\">#v\u00edboras<\/a><em>. <\/em>Conhece ent\u00e3o as vulgarmente conhecidas como: as <a href=\"https:\/\/web.afiwai.com\/rwp\/tag\/viboras\/\">#v\u00edboras<\/a>-das- \u00e1rvores!<\/p>\n<p>\u00a0<span style=\"font-size: 14px;\"><div id=\"attachment_31105\" style=\"width: 650px\" class=\"wp-caption aligncenter\"><img decoding=\"async\" loading=\"lazy\" aria-describedby=\"caption-attachment-31105\" class=\"size-full wp-image-31105\" src=\"http:\/\/web.afiwai.com\/rwp\/wp-content\/uploads\/2019\/05\/Atheris-hispida-Bree-McGhee-Flickr.jpg\" alt=\"\" width=\"640\" height=\"480\" style=\"display: block; margin-left: auto; margin-right: auto;\" srcset=\"https:\/\/web.afiwai.com\/rwp\/wp-content\/uploads\/2019\/05\/Atheris-hispida-Bree-McGhee-Flickr.jpg 640w, https:\/\/web.afiwai.com\/rwp\/wp-content\/uploads\/2019\/05\/Atheris-hispida-Bree-McGhee-Flickr-300x225.jpg 300w, https:\/\/web.afiwai.com\/rwp\/wp-content\/uploads\/2019\/05\/Atheris-hispida-Bree-McGhee-Flickr-510x382.jpg 510w, https:\/\/web.afiwai.com\/rwp\/wp-content\/uploads\/2019\/05\/Atheris-hispida-Bree-McGhee-Flickr-610x458.jpg 610w\" sizes=\"(max-width: 640px) 100vw, 640px\" \/><p id=\"caption-attachment-31105\" class=\"wp-caption-text\"><em>Atheris hispida<\/em> &#8211; Bree McGhee [Flickr]<\/p><\/div><span style=\"font-size: 14px;\">\u00a0<\/span><\/p>\n<p style=\"text-align: justify;\">A fam\u00edlia <a href=\"https:\/\/web.afiwai.com\/rwp\/tag\/viperidae\/\">#Viperidae<\/a>, que aglomera as conhecidas v\u00edboras, \u00e9 caracterizada por animais geralmente robustos, de cabe\u00e7a bem diferenciada e olhos com pupilas el\u00edpticas verticais, os ossos da maxila superior s\u00e3o curtos, e dotados de um \u00fanico par de ganchos ocos, que se mostram e avan\u00e7am quando o animal desfere uma dentada. Quando isso acontece, os grandes m\u00fasculos da maxila exercem uma press\u00e3o significativa sobre as gl\u00e2ndulas de veneno situadas em ambos os lados da cabe\u00e7a do <a href=\"https:\/\/web.afiwai.com\/rwp\/tag\/reptil\/\">#r\u00e9ptil<\/a>. J\u00e1 alguma vez reparaste no formato triangular da cabe\u00e7a das <a href=\"https:\/\/web.afiwai.com\/rwp\/tag\/viboras\/\">#v\u00edboras<\/a>? Se sim, nunca te questionaste o porqu\u00ea desse formato t\u00e3o definido e t\u00e3o caracter\u00edstico? Bom, s\u00e3o exatamente os volumosos m\u00fasculos e as gl\u00e2ndulas que albergam o veneno, que d\u00e3o \u00e0 cabe\u00e7a das <a href=\"https:\/\/web.afiwai.com\/rwp\/tag\/viboras\/\">#v\u00edboras<\/a> uma forma mais larga, e de formato triangular. O veneno das <a href=\"https:\/\/web.afiwai.com\/rwp\/tag\/viboras\/\">#v\u00edboras<\/a> proporciona a quem for injetado com ele, um efeito t\u00f3xico, afetando sobretudo os tecidos e o sangue da v\u00edtima. O ataque da v\u00edbora \u00e9 quase sempre brilhante, e a v\u00edtima n\u00e3o tem quaisquer hip\u00f3teses aquando uma investida de um animal destes. Alimentam-se sobretudo de vertebrados, desde <a href=\"https:\/\/web.afiwai.com\/rwp\/tag\/anfibios\/\">#anf\u00edbios<\/a> como por exemplo as <a href=\"https:\/\/web.afiwai.com\/rwp\/tag\/ras\/\">#r\u00e3s<\/a>, at\u00e9 mam\u00edferos! Uma curiosidade interessante \u00e9 o facto de, algumas esp\u00e9cies que constituem este g\u00e9nero serem <a href=\"https:\/\/web.afiwai.com\/rwp\/tag\/viviparas\/\">#viv\u00edparas<\/a>.<\/p>\n<div id=\"attachment_31106\" style=\"width: 4282px\" class=\"wp-caption aligncenter\"><img decoding=\"async\" loading=\"lazy\" aria-describedby=\"caption-attachment-31106\" src=\"http:\/\/web.afiwai.com\/rwp\/wp-content\/uploads\/2019\/05\/Atheris-squamigera-St\u00e9phane-Magnenat.jpg\" width=\"4272\" height=\"2848\" alt=\"\" class=\"wp-image-31106 size-full\" srcset=\"https:\/\/web.afiwai.com\/rwp\/wp-content\/uploads\/2019\/05\/Atheris-squamigera-St\u00e9phane-Magnenat.jpg 4272w, https:\/\/web.afiwai.com\/rwp\/wp-content\/uploads\/2019\/05\/Atheris-squamigera-St\u00e9phane-Magnenat-300x200.jpg 300w, https:\/\/web.afiwai.com\/rwp\/wp-content\/uploads\/2019\/05\/Atheris-squamigera-St\u00e9phane-Magnenat-768x512.jpg 768w, https:\/\/web.afiwai.com\/rwp\/wp-content\/uploads\/2019\/05\/Atheris-squamigera-St\u00e9phane-Magnenat-1024x683.jpg 1024w, https:\/\/web.afiwai.com\/rwp\/wp-content\/uploads\/2019\/05\/Atheris-squamigera-St\u00e9phane-Magnenat-1080x720.jpg 1080w, https:\/\/web.afiwai.com\/rwp\/wp-content\/uploads\/2019\/05\/Atheris-squamigera-St\u00e9phane-Magnenat-610x407.jpg 610w\" sizes=\"(max-width: 4272px) 100vw, 4272px\" \/><p id=\"caption-attachment-31106\" class=\"wp-caption-text\"><em>Atheris squamigera<\/em> &#8211; St\u00e9phane Magnenat<\/p><\/div>\n<p>&nbsp;<\/p>\n<p style=\"text-align: justify;\">Agora sim, focando-me essencialmente no g\u00e9nero <em>Atheris<\/em> que cont\u00e9m esp\u00e9cies com cores extravagantes e bel\u00edssimas, as fant\u00e1sticas: \u201cv\u00edboras-das-\u00e1rvores\u201d ou \u201c<em>bush <a href=\"https:\/\/web.afiwai.com\/rwp\/tag\/vipers\/\">#vipers<\/a>\u201d<\/em>! S\u00e3o ent\u00e3o, <a href=\"https:\/\/web.afiwai.com\/rwp\/tag\/serpentes\/\">#serpentes<\/a> <a href=\"https:\/\/web.afiwai.com\/rwp\/tag\/venenosas\/\">#venenosas<\/a>, com um comprimento m\u00e1ximo de 60 a 80 cent\u00edmetros. Caracterizadas por terem uma cauda pre\u00eansil, pois s\u00e3o r\u00e9pteis essencialmente arbor\u00edcolas, bem adaptadas ao modo de vida nas \u00e1rvores, s\u00e3o predadoras de emboscada, e maioritariamente ca\u00e7am durante a noite. O seu <a href=\"https:\/\/web.afiwai.com\/rwp\/tag\/veneno\/\">#veneno<\/a> \u00e9 fortemente hemot\u00f3xico, e quando o injeta pode causar dores fortes, incha\u00e7o e complica\u00e7\u00f5es ao n\u00edvel da coagula\u00e7\u00e3o sangu\u00ednea. S\u00e3o caracterizadas por cores extremamente vivas, podendo variar imenso, desde cores amareladas, castanhas, vermelhas, verdes, podendo existir uma diversidade imensa de diferentes esp\u00e9cies, dentro do mesmo g\u00e9nero. T\u00eam o corpo coberto de escamas que muitas vezes se parecem com pequenas folhas secas ligeiramente eri\u00e7adas, o formato das mesmas, no seu conjunto fazem com que a v\u00edbora se assemelhe a um <a href=\"https:\/\/web.afiwai.com\/rwp\/tag\/dragao\/\">#drag\u00e3o<\/a>. A sua distribui\u00e7\u00e3o geogr\u00e1fica concentra-se na \u00c1frica Subsariana, particularmente em florestas h\u00famidas, havendo algumas popula\u00e7\u00f5es fragmentadas, restritas \u00e0s florestas. Exemplos de esp\u00e9cies do g\u00e9nero #<em>Atheris<\/em> s\u00e3o: <em>Atheris chlorechis <\/em>que normalmente t\u00eam cores esverdeadas a cobrir-lhe as escamas, <em>Atheris ceratophora<\/em> que al\u00e9m das escamas salientes que lhe cobrem o corpo, t\u00eam tamb\u00e9m algumas escamas salientes acima dos olhos, que se assemelham com chifres, ou com umas pestanas alongadas! Ou por exemplo, a <em>Atheris hispida <\/em>em que normalmente os machos desta esp\u00e9cie t\u00eam o focinho mais curto e redondo. Algumas esp\u00e9cies de <em>Atheris<\/em> t\u00eam as suas popula\u00e7\u00f5es amea\u00e7adas, nomeadamente pelo com\u00e9rcio ilegal de animais e\/ou pela destrui\u00e7\u00e3o de <em>habitat.<\/em><\/p>\n<p style=\"text-align: justify;\">H\u00e1 que compreender ent\u00e3o, que antes de fazermos afirma\u00e7\u00f5es que podem prejudicar em grande escala estes animais, procurarmos primeiro obter a informa\u00e7\u00e3o essencial para termos o conhecimento necess\u00e1rio sobre estas esp\u00e9cies. Afinal de contas, \u00abo saber n\u00e3o ocupa lugar\u00bb, e em muitos casos, \u00e9 imprescind\u00edvel termos esse mesmo \u201csaber\u201d de modo a conservarmos o que \u00e9 t\u00e3o importante para o bom funcionamento e o equil\u00edbrio do planeta que todos n\u00f3s partilhamos.<\/p>\n<p>&nbsp;<\/p>\n[\/et_pb_text][\/et_pb_column][\/et_pb_row][\/et_pb_section]\n<span class=\"et_bloom_bottom_trigger\"><\/span>","protected":false},"excerpt":{"rendered":"<p>Foto de apresenta\u00e7\u00e3o: #Atheris hispida &#8211; Bree McGhee [Flickr] Existem in\u00fameras supersti\u00e7\u00f5es relacionadas com as #serpentes, e na sua grande maioria, afirmam que estes animais s\u00e3o seres repugnantes e agressivos, sendo a luta pela preserva\u00e7\u00e3o destes #r\u00e9pteis um trabalho exaustivamente dif\u00edcil. Muitas popula\u00e7\u00f5es est\u00e3o amea\u00e7adas pela destrui\u00e7\u00e3o e fragmenta\u00e7\u00e3o de habitat. O facto de n\u00e3o serem animais f\u00e1ceis de se gostar, por toda a mitologia em que estas muitas vezes s\u00e3o inseridas, e pelas popula\u00e7\u00f5es \u00e0 escala global, que muitas vezes t\u00eam \u00f3dio a estes animais, e nem sabem bem porqu\u00ea, torna a #preserva\u00e7\u00e3o e prote\u00e7\u00e3o destes exemplares um caminho \u00e1rduo. Mas, afinal de contas, muitas #serpentes n\u00e3o s\u00e3o portadoras de #veneno, muitas #serpentes s\u00e3o amistosas, e at\u00e9 se afastam o mais que podem dos Humanos, obviamente que se se, sentirem em perigo ou encurraladas a natureza delas diz-lhes primeiro para fugirem, e se n\u00e3o o conseguirem fazer, t\u00eam que [&hellip;]<\/p>\n","protected":false},"author":3,"featured_media":31105,"comment_status":"open","ping_status":"open","sticky":false,"template":"","format":"standard","meta":{"_et_pb_use_builder":"on","_et_pb_old_content":"<span style=\"color: #999999;\"><em>Atheris hispida - Foto: Bree McGhee [Flickr]<\/em><\/span>\r\n\r\nExistem in\u00fameras supersti\u00e7\u00f5es relacionadas com as serpentes, e na sua grande maioria, afirmam que estes animais s\u00e3o seres repugnantes e agressivos, sendo a luta pela preserva\u00e7\u00e3o destes r\u00e9pteis um trabalho exaustivamente dif\u00edcil. Muitas popula\u00e7\u00f5es est\u00e3o amea\u00e7adas pela destrui\u00e7\u00e3o e fragmenta\u00e7\u00e3o de <em>habitat<\/em>. O facto de n\u00e3o serem animais f\u00e1ceis de se gostar, por toda a mitologia em que estas muitas vezes s\u00e3o inseridas, e pelas popula\u00e7\u00f5es \u00e0 escala global, que muitas vezes t\u00eam \u00f3dio a estes animais, e nem sabem bem porqu\u00ea, torna a preserva\u00e7\u00e3o e prote\u00e7\u00e3o destes exemplares um caminho \u00e1rduo. Mas, afinal de contas, muitas serpentes n\u00e3o s\u00e3o portadoras de veneno, muitas serpentes s\u00e3o amistosas, e at\u00e9 se afastam o mais que podem dos Humanos, obviamente que se se, sentirem em perigo ou encurraladas a natureza delas diz-lhes primeiro para fugirem, e se n\u00e3o o conseguirem fazer, t\u00eam que se defender com as armas com as quais a m\u00e3e natureza as presenteou. Sendo assim, n\u00e3o s\u00e3o t\u00e3o diferentes de n\u00f3s, como queremos fazer passar, n\u00e3o \u00e9? Para al\u00e9m disso, s\u00e3o animais que vale muito a pena conhecer, al\u00e9m de serem dotados de cores e de padr\u00f5es extremamente \u00fanicos, s\u00e3o tamb\u00e9m importantes para o equil\u00edbrio do meio que integram, temos que ter consci\u00eancia que todos os seres vivos existem e t\u00eam um papel no equil\u00edbrio do ecossistema que integram, e muitas vezes somos n\u00f3s, Humanos, que criamos uma instabilidade no meio, e os animais t\u00eam que se adaptar in\u00fameras vezes, e uma das maneiras que encontram de ultrapassar determinadas imposi\u00e7\u00f5es \u00e9 por exemplo, aproximando-se das casas em busca de alimento, quando este escasseia. \u00c9 por tudo isso que hoje decidi trazer-vos o fant\u00e1stico exemplo de um g\u00e9nero em particular: <em>Atheris<\/em>, que pertence \u00e0 fam\u00edlia das v\u00edboras<em>. <\/em>Conhece ent\u00e3o as vulgarmente conhecidas como: as v\u00edboras-das- \u00e1rvores!\r\n\r\n&nbsp;\r\n\r\n[caption id=\"attachment_31105\" align=\"aligncenter\" width=\"640\"]<img class=\"size-full wp-image-31105\" src=\"http:\/\/web.afiwai.com\/rwp\/wp-content\/uploads\/2019\/05\/Atheris-hispida-Bree-McGhee-Flickr.jpg\" alt=\"\" width=\"640\" height=\"480\" \/> Atheris hispida - Bree McGhee [Flickr][\/caption]&nbsp;\r\n\r\nA fam\u00edlia Viperidae, que aglomera as conhecidas v\u00edboras, \u00e9 caracterizada por animais geralmente robustos, de cabe\u00e7a bem diferenciada e olhos com pupilas el\u00edpticas verticais, os ossos da maxila superior s\u00e3o curtos, e dotados de um \u00fanico par de ganchos ocos, que se mostram e avan\u00e7am quando o animal desfere uma dentada. Quando isso acontece, os grandes m\u00fasculos da maxila exercem uma press\u00e3o significativa sobre as gl\u00e2ndulas de veneno situadas em ambos os lados da cabe\u00e7a do r\u00e9ptil. J\u00e1 alguma vez reparaste no formato triangular da cabe\u00e7a das v\u00edboras? Se sim, nunca te questionaste o porqu\u00ea desse formato t\u00e3o definido e t\u00e3o caracter\u00edstico? Bom, s\u00e3o exatamente os volumosos m\u00fasculos e as gl\u00e2ndulas que albergam o veneno, que d\u00e3o \u00e0 cabe\u00e7a das v\u00edboras uma forma mais larga, e de formato triangular. O veneno das v\u00edboras proporciona a quem for injetado com ele, um efeito t\u00f3xico, afetando sobretudo os tecidos e o sangue da v\u00edtima. O ataque da v\u00edbora \u00e9 quase sempre brilhante, e a v\u00edtima n\u00e3o tem quaisquer hip\u00f3teses aquando uma investida de um animal destes. Alimentam-se sobretudo de vertebrados, desde anf\u00edbios como por exemplo as r\u00e3s, at\u00e9 mam\u00edferos! Uma curiosidade interessante \u00e9 o facto de, algumas esp\u00e9cies que constituem este g\u00e9nero serem viv\u00edparas.\r\n\r\n&nbsp;\r\n\r\n<img class=\"aligncenter size-full wp-image-31106\" src=\"http:\/\/web.afiwai.com\/rwp\/wp-content\/uploads\/2019\/05\/Atheris-squamigera-St\u00e9phane-Magnenat.jpg\" alt=\"\" width=\"4272\" height=\"2848\" \/>\r\n\r\n&nbsp;\r\n\r\nAgora sim, focando-me essencialmente no g\u00e9nero <em>Atheris<\/em> que cont\u00e9m esp\u00e9cies com cores extravagantes e bel\u00edssimas, as fant\u00e1sticas: \u201cv\u00edboras-das-\u00e1rvores\u201d ou \u201c<em>bush vipers\u201d<\/em>! S\u00e3o ent\u00e3o, serpentes venenosas, com um comprimento m\u00e1ximo de 60 a 80 cent\u00edmetros. Caracterizadas por terem uma cauda pre\u00eansil, pois s\u00e3o r\u00e9pteis essencialmente arbor\u00edcolas, bem adaptadas ao modo de vida nas \u00e1rvores, s\u00e3o predadoras de emboscada, e maioritariamente ca\u00e7am durante a noite. O seu veneno \u00e9 fortemente hemot\u00f3xico, e quando o injeta pode causar dores fortes, incha\u00e7o e complica\u00e7\u00f5es ao n\u00edvel da coagula\u00e7\u00e3o sangu\u00ednea. S\u00e3o caracterizadas por cores extremamente vivas, podendo variar imenso, desde cores amareladas, castanhas, vermelhas, verdes, podendo existir uma diversidade imensa de diferentes esp\u00e9cies, dentro do mesmo g\u00e9nero. T\u00eam o corpo coberto de escamas que muitas vezes se parecem com pequenas folhas secas ligeiramente eri\u00e7adas, o formato das mesmas, no seu conjunto fazem com que a v\u00edbora se assemelhe a um drag\u00e3o. A sua distribui\u00e7\u00e3o geogr\u00e1fica concentra-se na \u00c1frica Subsariana, particularmente em florestas h\u00famidas, havendo algumas popula\u00e7\u00f5es fragmentadas, restritas \u00e0s florestas. Exemplos de esp\u00e9cies do g\u00e9nero <em>Atheris<\/em> s\u00e3o: <em>Atheris chlorechis <\/em>que normalmente t\u00eam cores esverdeadas a cobrir-lhe as escamas, <em>Atheris ceratophora<\/em> que al\u00e9m das escamas salientes que lhe cobrem o corpo, t\u00eam tamb\u00e9m algumas escamas salientes acima dos olhos, que se assemelham com chifres, ou com umas pestanas alongadas! Ou por exemplo, a <em>Atheris hispida <\/em>em que normalmente os machos desta esp\u00e9cie t\u00eam o focinho mais curto e redondo. Algumas esp\u00e9cies de <em>Atheris<\/em> t\u00eam as suas popula\u00e7\u00f5es amea\u00e7adas, nomeadamente pelo com\u00e9rcio ilegal de animais e\/ou pela destrui\u00e7\u00e3o de <em>habitat.<\/em>\r\n\r\nH\u00e1 que compreender ent\u00e3o, que antes de fazermos afirma\u00e7\u00f5es que podem prejudicar em grande escala estes animais, procurarmos primeiro obter a informa\u00e7\u00e3o essencial para termos o conhecimento necess\u00e1rio sobre estas esp\u00e9cies. Afinal de contas, \u00abo saber n\u00e3o ocupa lugar\u00bb, e em muitos casos, \u00e9 imprescind\u00edvel termos esse mesmo \u201csaber\u201d de modo a conservarmos o que \u00e9 t\u00e3o importante para o bom funcionamento e o equil\u00edbrio do planeta que todos n\u00f3s partilhamos.","_et_gb_content_width":""},"categories":[40],"tags":[116,162,173,165,169,164,132,163,166,172,167,168,171,170],"yoast_head":"<!-- This site is optimized with the Yoast SEO plugin v20.5 - https:\/\/yoast.com\/wordpress\/plugins\/seo\/ -->\n<title>As v\u00edboras-das-\u00e1rvores: g\u00e9nero Atheris - ReptilWorld Park [Portugal]<\/title>\n<meta name=\"description\" content=\"P\u00e1gina oficial do futuro 1\u00ba Reptilario de Portugal que est\u00e1 em prepara\u00e7\u00e3o! Not\u00edcias, Novidades, Desenvolvimento de Projetos, Blog, Ofertas de emprego, Busca de investidores. Mantenha-se informado e aprenda a conhecer os r\u00e9pteis. Um projeto grande est\u00e1 chegando. ReptilWorld Park [Portugal] - Um novo mundo abre-se agora!\" \/>\n<meta name=\"robots\" content=\"index, follow, max-snippet:-1, max-image-preview:large, max-video-preview:-1\" \/>\n<link rel=\"canonical\" href=\"https:\/\/web.afiwai.com\/rwp\/as-viboras-das-arvores-genero-atheris\/\" \/>\n<meta property=\"og:locale\" content=\"pt_PT\" \/>\n<meta property=\"og:type\" content=\"article\" \/>\n<meta property=\"og:title\" content=\"As v\u00edboras-das-\u00e1rvores: g\u00e9nero Atheris - ReptilWorld Park [Portugal]\" \/>\n<meta property=\"og:description\" content=\"P\u00e1gina oficial do futuro 1\u00ba Reptilario de Portugal que est\u00e1 em prepara\u00e7\u00e3o! Not\u00edcias, Novidades, Desenvolvimento de Projetos, Blog, Ofertas de emprego, Busca de investidores. Mantenha-se informado e aprenda a conhecer os r\u00e9pteis. Um projeto grande est\u00e1 chegando. ReptilWorld Park [Portugal] - Um novo mundo abre-se agora!\" \/>\n<meta property=\"og:url\" content=\"https:\/\/web.afiwai.com\/rwp\/as-viboras-das-arvores-genero-atheris\/\" \/>\n<meta property=\"og:site_name\" content=\"ReptilWorld Park [Portugal]\" \/>\n<meta property=\"article:publisher\" content=\"https:\/\/www.facebook.com\/reptilworldpark\/\" \/>\n<meta property=\"article:published_time\" content=\"2019-05-19T17:02:15+00:00\" \/>\n<meta property=\"article:modified_time\" content=\"2019-12-13T14:51:18+00:00\" \/>\n<meta property=\"og:image\" content=\"https:\/\/web.afiwai.com\/rwp\/wp-content\/uploads\/2019\/05\/Atheris-hispida-Bree-McGhee-Flickr.jpg\" \/>\n\t<meta property=\"og:image:width\" content=\"640\" \/>\n\t<meta property=\"og:image:height\" content=\"480\" \/>\n\t<meta property=\"og:image:type\" content=\"image\/jpeg\" \/>\n<meta name=\"author\" content=\"Isadora Pombeiro\" \/>\n<meta name=\"twitter:card\" content=\"summary_large_image\" \/>\n<meta name=\"twitter:creator\" content=\"@ReptilWorldPark\" \/>\n<meta name=\"twitter:site\" content=\"@ReptilWorldPark\" \/>\n<meta name=\"twitter:label1\" content=\"Escrito por\" \/>\n\t<meta name=\"twitter:data1\" content=\"Isadora Pombeiro\" \/>\n\t<meta name=\"twitter:label2\" content=\"Tempo estimado de leitura\" \/>\n\t<meta name=\"twitter:data2\" content=\"5 minutos\" \/>\n<script type=\"application\/ld+json\" class=\"yoast-schema-graph\">{\"@context\":\"https:\/\/schema.org\",\"@graph\":[{\"@type\":\"Article\",\"@id\":\"https:\/\/web.afiwai.com\/rwp\/as-viboras-das-arvores-genero-atheris\/#article\",\"isPartOf\":{\"@id\":\"https:\/\/web.afiwai.com\/rwp\/as-viboras-das-arvores-genero-atheris\/\"},\"author\":{\"name\":\"Isadora Pombeiro\",\"@id\":\"https:\/\/web.afiwai.com\/rwp\/#\/schema\/person\/2165c37c91b75a4f8c8a0d2a715fd0ce\"},\"headline\":\"As v\u00edboras-das-\u00e1rvores: g\u00e9nero Atheris\",\"datePublished\":\"2019-05-19T17:02:15+00:00\",\"dateModified\":\"2019-12-13T14:51:18+00:00\",\"mainEntityOfPage\":{\"@id\":\"https:\/\/web.afiwai.com\/rwp\/as-viboras-das-arvores-genero-atheris\/\"},\"wordCount\":1070,\"commentCount\":0,\"publisher\":{\"@id\":\"https:\/\/web.afiwai.com\/rwp\/#organization\"},\"keywords\":[\"anf\u00edbios\",\"Atheris\",\"drag\u00e3o\",\"preserva\u00e7\u00e3o\",\"r\u00e3s\",\"r\u00e9pteis\",\"r\u00e9ptil\",\"serpentes\",\"veneno\",\"venenosas\",\"v\u00edboras\",\"Viperidae\",\"vipers\",\"viv\u00edparas\"],\"articleSection\":[\"Blog\"],\"inLanguage\":\"pt-PT\",\"potentialAction\":[{\"@type\":\"CommentAction\",\"name\":\"Comment\",\"target\":[\"https:\/\/web.afiwai.com\/rwp\/as-viboras-das-arvores-genero-atheris\/#respond\"]}]},{\"@type\":\"WebPage\",\"@id\":\"https:\/\/web.afiwai.com\/rwp\/as-viboras-das-arvores-genero-atheris\/\",\"url\":\"https:\/\/web.afiwai.com\/rwp\/as-viboras-das-arvores-genero-atheris\/\",\"name\":\"As v\u00edboras-das-\u00e1rvores: g\u00e9nero Atheris - ReptilWorld Park [Portugal]\",\"isPartOf\":{\"@id\":\"https:\/\/web.afiwai.com\/rwp\/#website\"},\"datePublished\":\"2019-05-19T17:02:15+00:00\",\"dateModified\":\"2019-12-13T14:51:18+00:00\",\"description\":\"P\u00e1gina oficial do futuro 1\u00ba Reptilario de Portugal que est\u00e1 em prepara\u00e7\u00e3o! Not\u00edcias, Novidades, Desenvolvimento de Projetos, Blog, Ofertas de emprego, Busca de investidores. Mantenha-se informado e aprenda a conhecer os r\u00e9pteis. Um projeto grande est\u00e1 chegando. ReptilWorld Park [Portugal] - Um novo mundo abre-se agora!\",\"breadcrumb\":{\"@id\":\"https:\/\/web.afiwai.com\/rwp\/as-viboras-das-arvores-genero-atheris\/#breadcrumb\"},\"inLanguage\":\"pt-PT\",\"potentialAction\":[{\"@type\":\"ReadAction\",\"target\":[\"https:\/\/web.afiwai.com\/rwp\/as-viboras-das-arvores-genero-atheris\/\"]}]},{\"@type\":\"BreadcrumbList\",\"@id\":\"https:\/\/web.afiwai.com\/rwp\/as-viboras-das-arvores-genero-atheris\/#breadcrumb\",\"itemListElement\":[{\"@type\":\"ListItem\",\"position\":1,\"name\":\"Home\",\"item\":\"https:\/\/web.afiwai.com\/rwp\/\"},{\"@type\":\"ListItem\",\"position\":2,\"name\":\"As v\u00edboras-das-\u00e1rvores: g\u00e9nero Atheris\"}]},{\"@type\":\"WebSite\",\"@id\":\"https:\/\/web.afiwai.com\/rwp\/#website\",\"url\":\"https:\/\/web.afiwai.com\/rwp\/\",\"name\":\"ReptilWorld Park [Portugal]\",\"description\":\"Entra num mundo desconhecido !\",\"publisher\":{\"@id\":\"https:\/\/web.afiwai.com\/rwp\/#organization\"},\"potentialAction\":[{\"@type\":\"SearchAction\",\"target\":{\"@type\":\"EntryPoint\",\"urlTemplate\":\"https:\/\/web.afiwai.com\/rwp\/?s={search_term_string}\"},\"query-input\":\"required name=search_term_string\"}],\"inLanguage\":\"pt-PT\"},{\"@type\":\"Organization\",\"@id\":\"https:\/\/web.afiwai.com\/rwp\/#organization\",\"name\":\"ReptilWorld Park - O in\u00e9dito em Portugal\",\"url\":\"https:\/\/web.afiwai.com\/rwp\/\",\"logo\":{\"@type\":\"ImageObject\",\"inLanguage\":\"pt-PT\",\"@id\":\"https:\/\/web.afiwai.com\/rwp\/#\/schema\/logo\/image\/\",\"url\":\"https:\/\/web.afiwai.com\/rwp\/wp-content\/uploads\/2018\/12\/Logo-cam\u00e9l\u00e9on-750px.png\",\"contentUrl\":\"https:\/\/web.afiwai.com\/rwp\/wp-content\/uploads\/2018\/12\/Logo-cam\u00e9l\u00e9on-750px.png\",\"width\":750,\"height\":341,\"caption\":\"ReptilWorld Park - O in\u00e9dito em Portugal\"},\"image\":{\"@id\":\"https:\/\/web.afiwai.com\/rwp\/#\/schema\/logo\/image\/\"},\"sameAs\":[\"https:\/\/www.facebook.com\/reptilworldpark\/\",\"https:\/\/twitter.com\/ReptilWorldPark\",\"https:\/\/www.instagram.com\/reptilworld_park\/\",\"https:\/\/www.linkedin.com\/in\/reptilworldpark\/\",\"https:\/\/www.youtube.com\/channel\/UCGarBbU4GwhnxAl218yJmDA\"]},{\"@type\":\"Person\",\"@id\":\"https:\/\/web.afiwai.com\/rwp\/#\/schema\/person\/2165c37c91b75a4f8c8a0d2a715fd0ce\",\"name\":\"Isadora Pombeiro\",\"image\":{\"@type\":\"ImageObject\",\"inLanguage\":\"pt-PT\",\"@id\":\"https:\/\/web.afiwai.com\/rwp\/#\/schema\/person\/image\/\",\"url\":\"https:\/\/secure.gravatar.com\/avatar\/fe28481fdbde96410a81708c457e4d19?s=96&d=mm&r=g\",\"contentUrl\":\"https:\/\/secure.gravatar.com\/avatar\/fe28481fdbde96410a81708c457e4d19?s=96&d=mm&r=g\",\"caption\":\"Isadora Pombeiro\"},\"url\":\"https:\/\/web.afiwai.com\/rwp\/author\/isadora-pombeiro\/\"}]}<\/script>\n<!-- \/ Yoast SEO plugin. -->","yoast_head_json":{"title":"As v\u00edboras-das-\u00e1rvores: g\u00e9nero Atheris - ReptilWorld Park [Portugal]","description":"P\u00e1gina oficial do futuro 1\u00ba Reptilario de Portugal que est\u00e1 em prepara\u00e7\u00e3o! Not\u00edcias, Novidades, Desenvolvimento de Projetos, Blog, Ofertas de emprego, Busca de investidores. Mantenha-se informado e aprenda a conhecer os r\u00e9pteis. Um projeto grande est\u00e1 chegando. ReptilWorld Park [Portugal] - Um novo mundo abre-se agora!","robots":{"index":"index","follow":"follow","max-snippet":"max-snippet:-1","max-image-preview":"max-image-preview:large","max-video-preview":"max-video-preview:-1"},"canonical":"https:\/\/web.afiwai.com\/rwp\/as-viboras-das-arvores-genero-atheris\/","og_locale":"pt_PT","og_type":"article","og_title":"As v\u00edboras-das-\u00e1rvores: g\u00e9nero Atheris - ReptilWorld Park [Portugal]","og_description":"P\u00e1gina oficial do futuro 1\u00ba Reptilario de Portugal que est\u00e1 em prepara\u00e7\u00e3o! Not\u00edcias, Novidades, Desenvolvimento de Projetos, Blog, Ofertas de emprego, Busca de investidores. Mantenha-se informado e aprenda a conhecer os r\u00e9pteis. Um projeto grande est\u00e1 chegando. ReptilWorld Park [Portugal] - Um novo mundo abre-se agora!","og_url":"https:\/\/web.afiwai.com\/rwp\/as-viboras-das-arvores-genero-atheris\/","og_site_name":"ReptilWorld Park [Portugal]","article_publisher":"https:\/\/www.facebook.com\/reptilworldpark\/","article_published_time":"2019-05-19T17:02:15+00:00","article_modified_time":"2019-12-13T14:51:18+00:00","og_image":[{"width":640,"height":480,"url":"https:\/\/web.afiwai.com\/rwp\/wp-content\/uploads\/2019\/05\/Atheris-hispida-Bree-McGhee-Flickr.jpg","type":"image\/jpeg"}],"author":"Isadora Pombeiro","twitter_card":"summary_large_image","twitter_creator":"@ReptilWorldPark","twitter_site":"@ReptilWorldPark","twitter_misc":{"Escrito por":"Isadora Pombeiro","Tempo estimado de leitura":"5 minutos"},"schema":{"@context":"https:\/\/schema.org","@graph":[{"@type":"Article","@id":"https:\/\/web.afiwai.com\/rwp\/as-viboras-das-arvores-genero-atheris\/#article","isPartOf":{"@id":"https:\/\/web.afiwai.com\/rwp\/as-viboras-das-arvores-genero-atheris\/"},"author":{"name":"Isadora Pombeiro","@id":"https:\/\/web.afiwai.com\/rwp\/#\/schema\/person\/2165c37c91b75a4f8c8a0d2a715fd0ce"},"headline":"As v\u00edboras-das-\u00e1rvores: g\u00e9nero Atheris","datePublished":"2019-05-19T17:02:15+00:00","dateModified":"2019-12-13T14:51:18+00:00","mainEntityOfPage":{"@id":"https:\/\/web.afiwai.com\/rwp\/as-viboras-das-arvores-genero-atheris\/"},"wordCount":1070,"commentCount":0,"publisher":{"@id":"https:\/\/web.afiwai.com\/rwp\/#organization"},"keywords":["anf\u00edbios","Atheris","drag\u00e3o","preserva\u00e7\u00e3o","r\u00e3s","r\u00e9pteis","r\u00e9ptil","serpentes","veneno","venenosas","v\u00edboras","Viperidae","vipers","viv\u00edparas"],"articleSection":["Blog"],"inLanguage":"pt-PT","potentialAction":[{"@type":"CommentAction","name":"Comment","target":["https:\/\/web.afiwai.com\/rwp\/as-viboras-das-arvores-genero-atheris\/#respond"]}]},{"@type":"WebPage","@id":"https:\/\/web.afiwai.com\/rwp\/as-viboras-das-arvores-genero-atheris\/","url":"https:\/\/web.afiwai.com\/rwp\/as-viboras-das-arvores-genero-atheris\/","name":"As v\u00edboras-das-\u00e1rvores: g\u00e9nero Atheris - ReptilWorld Park [Portugal]","isPartOf":{"@id":"https:\/\/web.afiwai.com\/rwp\/#website"},"datePublished":"2019-05-19T17:02:15+00:00","dateModified":"2019-12-13T14:51:18+00:00","description":"P\u00e1gina oficial do futuro 1\u00ba Reptilario de Portugal que est\u00e1 em prepara\u00e7\u00e3o! Not\u00edcias, Novidades, Desenvolvimento de Projetos, Blog, Ofertas de emprego, Busca de investidores. Mantenha-se informado e aprenda a conhecer os r\u00e9pteis. Um projeto grande est\u00e1 chegando. ReptilWorld Park [Portugal] - Um novo mundo abre-se agora!","breadcrumb":{"@id":"https:\/\/web.afiwai.com\/rwp\/as-viboras-das-arvores-genero-atheris\/#breadcrumb"},"inLanguage":"pt-PT","potentialAction":[{"@type":"ReadAction","target":["https:\/\/web.afiwai.com\/rwp\/as-viboras-das-arvores-genero-atheris\/"]}]},{"@type":"BreadcrumbList","@id":"https:\/\/web.afiwai.com\/rwp\/as-viboras-das-arvores-genero-atheris\/#breadcrumb","itemListElement":[{"@type":"ListItem","position":1,"name":"Home","item":"https:\/\/web.afiwai.com\/rwp\/"},{"@type":"ListItem","position":2,"name":"As v\u00edboras-das-\u00e1rvores: g\u00e9nero Atheris"}]},{"@type":"WebSite","@id":"https:\/\/web.afiwai.com\/rwp\/#website","url":"https:\/\/web.afiwai.com\/rwp\/","name":"ReptilWorld Park [Portugal]","description":"Entra num mundo desconhecido !","publisher":{"@id":"https:\/\/web.afiwai.com\/rwp\/#organization"},"potentialAction":[{"@type":"SearchAction","target":{"@type":"EntryPoint","urlTemplate":"https:\/\/web.afiwai.com\/rwp\/?s={search_term_string}"},"query-input":"required name=search_term_string"}],"inLanguage":"pt-PT"},{"@type":"Organization","@id":"https:\/\/web.afiwai.com\/rwp\/#organization","name":"ReptilWorld Park - O in\u00e9dito em Portugal","url":"https:\/\/web.afiwai.com\/rwp\/","logo":{"@type":"ImageObject","inLanguage":"pt-PT","@id":"https:\/\/web.afiwai.com\/rwp\/#\/schema\/logo\/image\/","url":"https:\/\/web.afiwai.com\/rwp\/wp-content\/uploads\/2018\/12\/Logo-cam\u00e9l\u00e9on-750px.png","contentUrl":"https:\/\/web.afiwai.com\/rwp\/wp-content\/uploads\/2018\/12\/Logo-cam\u00e9l\u00e9on-750px.png","width":750,"height":341,"caption":"ReptilWorld Park - O in\u00e9dito em Portugal"},"image":{"@id":"https:\/\/web.afiwai.com\/rwp\/#\/schema\/logo\/image\/"},"sameAs":["https:\/\/www.facebook.com\/reptilworldpark\/","https:\/\/twitter.com\/ReptilWorldPark","https:\/\/www.instagram.com\/reptilworld_park\/","https:\/\/www.linkedin.com\/in\/reptilworldpark\/","https:\/\/www.youtube.com\/channel\/UCGarBbU4GwhnxAl218yJmDA"]},{"@type":"Person","@id":"https:\/\/web.afiwai.com\/rwp\/#\/schema\/person\/2165c37c91b75a4f8c8a0d2a715fd0ce","name":"Isadora Pombeiro","image":{"@type":"ImageObject","inLanguage":"pt-PT","@id":"https:\/\/web.afiwai.com\/rwp\/#\/schema\/person\/image\/","url":"https:\/\/secure.gravatar.com\/avatar\/fe28481fdbde96410a81708c457e4d19?s=96&d=mm&r=g","contentUrl":"https:\/\/secure.gravatar.com\/avatar\/fe28481fdbde96410a81708c457e4d19?s=96&d=mm&r=g","caption":"Isadora Pombeiro"},"url":"https:\/\/web.afiwai.com\/rwp\/author\/isadora-pombeiro\/"}]}},"_links":{"self":[{"href":"https:\/\/web.afiwai.com\/rwp\/wp-json\/wp\/v2\/posts\/31104"}],"collection":[{"href":"https:\/\/web.afiwai.com\/rwp\/wp-json\/wp\/v2\/posts"}],"about":[{"href":"https:\/\/web.afiwai.com\/rwp\/wp-json\/wp\/v2\/types\/post"}],"author":[{"embeddable":true,"href":"https:\/\/web.afiwai.com\/rwp\/wp-json\/wp\/v2\/users\/3"}],"replies":[{"embeddable":true,"href":"https:\/\/web.afiwai.com\/rwp\/wp-json\/wp\/v2\/comments?post=31104"}],"version-history":[{"count":7,"href":"https:\/\/web.afiwai.com\/rwp\/wp-json\/wp\/v2\/posts\/31104\/revisions"}],"predecessor-version":[{"id":31643,"href":"https:\/\/web.afiwai.com\/rwp\/wp-json\/wp\/v2\/posts\/31104\/revisions\/31643"}],"wp:featuredmedia":[{"embeddable":true,"href":"https:\/\/web.afiwai.com\/rwp\/wp-json\/wp\/v2\/media\/31105"}],"wp:attachment":[{"href":"https:\/\/web.afiwai.com\/rwp\/wp-json\/wp\/v2\/media?parent=31104"}],"wp:term":[{"taxonomy":"category","embeddable":true,"href":"https:\/\/web.afiwai.com\/rwp\/wp-json\/wp\/v2\/categories?post=31104"},{"taxonomy":"post_tag","embeddable":true,"href":"https:\/\/web.afiwai.com\/rwp\/wp-json\/wp\/v2\/tags?post=31104"}],"curies":[{"name":"wp","href":"https:\/\/api.w.org\/{rel}","templated":true}]}}