{"id":31266,"date":"2019-06-21T18:58:35","date_gmt":"2019-06-21T17:58:35","guid":{"rendered":"http:\/\/web.afiwai.com\/rwp\/?p=31266"},"modified":"2019-12-13T14:43:49","modified_gmt":"2019-12-13T14:43:49","slug":"as-osgas-endemicas-das-ilhas-selvagens","status":"publish","type":"post","link":"https:\/\/web.afiwai.com\/rwp\/as-osgas-endemicas-das-ilhas-selvagens\/","title":{"rendered":"As osgas end\u00e9micas das ilhas Selvagens"},"content":{"rendered":"[et_pb_section fb_built=&#8221;1&#8243; admin_label=&#8221;section&#8221; _builder_version=&#8221;3.22.3&#8243;][et_pb_row admin_label=&#8221;row&#8221; _builder_version=&#8221;3.25&#8243; background_size=&#8221;initial&#8221; background_position=&#8221;top_left&#8221; background_repeat=&#8221;repeat&#8221;][et_pb_column type=&#8221;4_4&#8243; _builder_version=&#8221;3.25&#8243; custom_padding=&#8221;|||&#8221; custom_padding__hover=&#8221;|||&#8221;][et_pb_text admin_label=&#8221;Text&#8221; _builder_version=&#8221;3.27.4&#8243; background_size=&#8221;initial&#8221; background_position=&#8221;top_left&#8221; background_repeat=&#8221;repeat&#8221;]\n<p><span style=\"color: #999999;\">Foto de apresenta\u00e7\u00e3o:\u00a0\u00a0<em>Tarentola bischoffi<\/em> &#8211; Vanessagil87 [Wikipedia]<\/span><\/p>\n<p>&nbsp;<\/p>\n<p><span style=\"color: #999999;\"><\/span><\/p>\n<p>&nbsp;<\/p>\n<p style=\"text-align: justify;\">Sim, \u00e9 no territ\u00f3rio Portugu\u00eas que se encontram as vulgarmente chamadas de \u201c#osgas-das-Selvagens\u201d, estes animais incr\u00edveis s\u00e3o end\u00e9micos e residentes das Ilhas Selvagens! Conheces? Estas ilhas bel\u00edssimas localizam-se a sudeste da Ilha da Madeira, e a \u00e1rea de distribui\u00e7\u00e3o destes r\u00e9pteis integra-se na Reserva Natural, onde o acesso \u00e9 limitado. De facto, estas ilhas t\u00eam algo de especial, as Selvagens s\u00e3o formadas por tr\u00eas ilhas: Selvagem Grande, Selvagem Pequena e Ilh\u00e9u de Fora, e s\u00e3o muitas vezes consideradas como pertencentes a um conjunto de locais chamados de <em>hotspots<\/em> de biodiversidade, ou seja, locais que representam um foco de maior diversidade, quer seja de fauna quer seja de flora, e isso \u00e9 algo bastante \u00fanico!<\/p>\n<p>&nbsp;<\/p>\n<p style=\"text-align: justify;\">Estas fant\u00e1sticas <a href=\"https:\/\/web.afiwai.com\/rwp\/tag\/osgas\/\">#osgas<\/a> s\u00e3o animais crepusculares e noturnos, de olhos salientes e grandes! Com uma cauda larga e corpo curto achatado, dedos largos e com padr\u00e3o de escamas uniforme, gostam de se abrigar <em>sob<\/em> rochedos relativamente grandes, e alimentam-se sobretudo de insetos! J\u00e1 conhecias estes belos exemplares? Bom\u2026 no passado, as suas popula\u00e7\u00f5es encontravam-se vulner\u00e1veis, no entanto ap\u00f3s a erradica\u00e7\u00e3o do coelho e do murganho, a popula\u00e7\u00e3o de osgas da Selvagem Grande come\u00e7ou a mostrar um aumento, e tem evidenciado uma tend\u00eancia populacional crescente, este facto pode dever-se tamb\u00e9m \u00e0 redu\u00e7\u00e3o da a\u00e7\u00e3o predat\u00f3ria que os murganhos exerciam sobre os juvenis. As suas principais amea\u00e7as em termos de predadores ser\u00e3o talvez as aves marinhas e em particular a <a href=\"https:\/\/web.afiwai.com\/rwp\/tag\/lagartixa\/\">#lagartixa<\/a>-da-madeira que eventualmente pode predar os seus ovos. \u00c9 importante ent\u00e3o sensibilizar as popula\u00e7\u00f5es para a import\u00e2ncia da conserva\u00e7\u00e3o destes animais, afinal de contas, s\u00e3o \u00fanicos, e muitos est\u00e3o restritos a \u00e1reas bastante pequenas do globo, e merecem a nossa aten\u00e7\u00e3o, e prote\u00e7\u00e3o. H\u00e1 aqui que notar alguns pontos importantes que temos que ter em conta quando se avalia as popula\u00e7\u00f5es destes animais que est\u00e3o restritos a determinados locais, neste caso em particular, devido \u00e0 distribui\u00e7\u00e3o limitada e baixa altitude das ilhas, o que torna os eventos naturais como \u00e9 exemplo dos eventos estoc\u00e1sticos, tempestades, e aumento do n\u00edvel do mar agentes causadores de mais suscetibilidade destas popula\u00e7\u00f5es, em paralelo com a introdu\u00e7\u00e3o de esp\u00e9cies ex\u00f3ticas e\/ou doen\u00e7as, no caso de pragas estas podem sensibilizar bastante as popula\u00e7\u00f5es, da\u00ed ser de grande import\u00e2ncia monitorizar estes animais.<\/p>\n<p>&nbsp;<\/p>\n<p style=\"text-align: justify;\"><div id=\"attachment_31267\" style=\"width: 1642px\" class=\"wp-caption aligncenter\"><img decoding=\"async\" loading=\"lazy\" aria-describedby=\"caption-attachment-31267\" class=\"size-full wp-image-31267\" src=\"http:\/\/web.afiwai.com\/rwp\/wp-content\/uploads\/2019\/06\/Tarentola-bischoffi-Vanessagil87-Wikipedia.jpg\" alt=\"\" width=\"1632\" height=\"1224\" srcset=\"https:\/\/web.afiwai.com\/rwp\/wp-content\/uploads\/2019\/06\/Tarentola-bischoffi-Vanessagil87-Wikipedia.jpg 1632w, https:\/\/web.afiwai.com\/rwp\/wp-content\/uploads\/2019\/06\/Tarentola-bischoffi-Vanessagil87-Wikipedia-300x225.jpg 300w, https:\/\/web.afiwai.com\/rwp\/wp-content\/uploads\/2019\/06\/Tarentola-bischoffi-Vanessagil87-Wikipedia-768x576.jpg 768w, https:\/\/web.afiwai.com\/rwp\/wp-content\/uploads\/2019\/06\/Tarentola-bischoffi-Vanessagil87-Wikipedia-1024x768.jpg 1024w, https:\/\/web.afiwai.com\/rwp\/wp-content\/uploads\/2019\/06\/Tarentola-bischoffi-Vanessagil87-Wikipedia-610x458.jpg 610w, https:\/\/web.afiwai.com\/rwp\/wp-content\/uploads\/2019\/06\/Tarentola-bischoffi-Vanessagil87-Wikipedia-510x382.jpg 510w, https:\/\/web.afiwai.com\/rwp\/wp-content\/uploads\/2019\/06\/Tarentola-bischoffi-Vanessagil87-Wikipedia-1080x810.jpg 1080w\" sizes=\"(max-width: 1632px) 100vw, 1632px\" \/><p id=\"caption-attachment-31267\" class=\"wp-caption-text\">Tarentola bischoffi &#8211; Vanessagil87 [Wikipedia]<\/p><\/div>\n<p>&nbsp;<\/p>\n<p style=\"text-align: justify;\">\n<p style=\"text-align: justify;\">E foi em 2013 que saiu uma not\u00edcia bastante curiosa, em que uma equipa de <a href=\"https:\/\/web.afiwai.com\/rwp\/tag\/biologos\/\">#bi\u00f3logos<\/a> portugueses veio revelar que as <a href=\"https:\/\/web.afiwai.com\/rwp\/tag\/osgas\/\">#osgas<\/a>-das-Selvagens podiam ser identificadas pelo padr\u00e3o da sua \u00edris! Sabemos que o padr\u00e3o de muitos animais n\u00e3o \u00e9 igual, mesmo dentro da pr\u00f3pria esp\u00e9cie, como \u00e9 o caso de, por exemplo o padr\u00e3o de riscas nas zebras, onde nenhum indiv\u00edduo tem um padr\u00e3o igual. No entanto, foi desenvolvido uma abordagem com o intuito de monitorizar as popula\u00e7\u00f5es destas osgas, ent\u00e3o usando como base o reconhecimento do padr\u00e3o da \u00edris usado em humanos, estes investigadores portugueses desenvolveram um m\u00e9todo equivalente\u2026 para osgas! Com o intuito de identificar e monitorizar os indiv\u00edduos, permitindo estimar as suas densidades populacionais, ponto fulcral quando se trata principalmente de esp\u00e9cies amea\u00e7adas, ou com distribui\u00e7\u00f5es geogr\u00e1ficas reduzidas, confinadas a certos locais do globo, o que as torna mais vulner\u00e1veis. Bastante interessante, n\u00e3o achas? \u00c9 quase como se atrav\u00e9s dos olhos conseguissem identificar quem \u00e9s, neste caso, de que indiv\u00edduo da <a href=\"https:\/\/web.afiwai.com\/rwp\/tag\/osga\/\">#osga<\/a>-das-Selvagens se trata, costuma-se dizer que \u00abn\u00e3o h\u00e1 duas coisas iguais\u00bb, n\u00e3o \u00e9? Bom, aqui n\u00e3o \u00e9 exce\u00e7\u00e3o, na verdade, s\u00e3o \u00fanicas, cada uma delas, com um padr\u00e3o de \u00edris caracter\u00edstico e singular de cada indiv\u00edduo. Fant\u00e1stico!<\/p>\n<p>&nbsp;<\/p>\n<p style=\"text-align: justify;\">\n<p><em>Refer\u00eancias:\u00a0<\/em><\/p>\n<div>\n<p><em>Filipa Alves 2013. <a href=\"https:\/\/web.afiwai.com\/rwp\/tag\/biologos\/\">#Bi\u00f3logos<\/a> portugueses descobrem que, tal como os humanos, as osgas-das-selvagens podem ser reconhecidas individualmente pelo padr\u00e3o da \u00edris. Naturlink. Available:\u00a0<a href=\"http:\/\/naturlink.pt\/article.aspx?menuid=20&amp;cid=74839&amp;bl=1\" target=\"_blank\" rel=\"noopener noreferrer\">http:\/\/naturlink.pt\/article.aspx?menuid=20&amp;cid=74839&amp;bl=1<\/a>. [Acedido a 20 Junho 2019]\u00a0<\/em><\/p>\n<div>\n<p><em>Nicolau Ferreira 2013. <a href=\"https:\/\/web.afiwai.com\/rwp\/tag\/osgas\/\">#Osgas<\/a> podem ser identificadas pelos seus olhos, mostra estudo portugu\u00eas. Jornal P\u00fablico. Available:\u00a0<a href=\"https:\/\/www.publico.pt\/2013\/11\/04\/jornal\/osgas-podem-ser-identificadas-pelos-seus-olhos-mostra-estudo-portugues-27341681\" target=\"_blank\" rel=\"noopener noreferrer\">https:\/\/www.publico.pt\/2013\/11\/04\/jornal\/osgas-podem-ser-identificadas-pelos-seus-olhos-mostra-estudo-portugues-27341681<\/a>. [Acedido a 20 Junho 2019]\u00a0<\/em><\/p>\n<div><em>GIL, C\u00e1tia Vanessa Figueiredo \u2013 Crescimento individual da osga-das-Selvagens (<a href=\"https:\/\/web.afiwai.com\/rwp\/tag\/tarentola\/\">#Tarentola<\/a> bischoffi): influ\u00eancias das varia\u00e7\u00f5es sazonais na disponibilidade alimentar. Lisboa: Faculdade de Ci\u00eancias \u2013 Universidade de Lisboa, 2011. Tese de Doutoramento.<\/em><\/div>\n<\/div>\n<\/div>\n<p>&nbsp;<\/p>\n[\/et_pb_text][\/et_pb_column][\/et_pb_row][\/et_pb_section]\n<span class=\"et_bloom_bottom_trigger\"><\/span>","protected":false},"excerpt":{"rendered":"<p>Foto de apresenta\u00e7\u00e3o:\u00a0\u00a0Tarentola bischoffi &#8211; Vanessagil87 [Wikipedia] &nbsp; &nbsp; Sim, \u00e9 no territ\u00f3rio Portugu\u00eas que se encontram as vulgarmente chamadas de \u201c#osgas-das-Selvagens\u201d, estes animais incr\u00edveis s\u00e3o end\u00e9micos e residentes das Ilhas Selvagens! Conheces? Estas ilhas bel\u00edssimas localizam-se a sudeste da Ilha da Madeira, e a \u00e1rea de distribui\u00e7\u00e3o destes r\u00e9pteis integra-se na Reserva Natural, onde o acesso \u00e9 limitado. De facto, estas ilhas t\u00eam algo de especial, as Selvagens s\u00e3o formadas por tr\u00eas ilhas: Selvagem Grande, Selvagem Pequena e Ilh\u00e9u de Fora, e s\u00e3o muitas vezes consideradas como pertencentes a um conjunto de locais chamados de hotspots de biodiversidade, ou seja, locais que representam um foco de maior diversidade, quer seja de fauna quer seja de flora, e isso \u00e9 algo bastante \u00fanico! &nbsp; Estas fant\u00e1sticas #osgas s\u00e3o animais crepusculares e noturnos, de olhos salientes e grandes! Com uma cauda larga e corpo curto achatado, dedos largos e com padr\u00e3o [&hellip;]<\/p>\n","protected":false},"author":3,"featured_media":31267,"comment_status":"open","ping_status":"open","sticky":false,"template":"","format":"standard","meta":{"_et_pb_use_builder":"on","_et_pb_old_content":"<span style=\"color: #999999;\">Foto de apresenta\u00e7\u00e3o:\u00a0\u00a0<em>Tarentola bischoffi<\/em> - Vanessagil87 [Wikipedia]<\/span>\r\n\r\nSim, \u00e9 no territ\u00f3rio Portugu\u00eas que se encontram as vulgarmente chamadas de \u201cosgas-das-Selvagens\u201d, estes animais incr\u00edveis s\u00e3o end\u00e9micos e residentes das Ilhas Selvagens! Conheces? Estas ilhas bel\u00edssimas localizam-se a sudeste da Ilha da Madeira, e a \u00e1rea de distribui\u00e7\u00e3o destes r\u00e9pteis integra-se na Reserva Natural, onde o acesso \u00e9 limitado. De facto, estas ilhas t\u00eam algo de especial, as Selvagens s\u00e3o formadas por tr\u00eas ilhas: Selvagem Grande, Selvagem Pequena e Ilh\u00e9u de Fora, e s\u00e3o muitas vezes consideradas como pertencentes a um conjunto de locais chamados de <em>hotspots<\/em> de biodiversidade, ou seja, locais que representam um foco de maior diversidade, quer seja de fauna quer seja de flora, e isso \u00e9 algo bastante \u00fanico!\r\n\r\nEstas fant\u00e1sticas osgas s\u00e3o animais crepusculares e noturnos, de olhos salientes e grandes! Com uma cauda larga e corpo curto achatado, dedos largos e com padr\u00e3o de escamas uniforme, gostam de se abrigar <em>sob<\/em> rochedos relativamente grandes, e alimentam-se sobretudo de insetos! J\u00e1 conhecias estes belos exemplares? Bom\u2026 no passado, as suas popula\u00e7\u00f5es encontravam-se vulner\u00e1veis, no entanto ap\u00f3s a erradica\u00e7\u00e3o do coelho e do murganho, a popula\u00e7\u00e3o de osgas da Selvagem Grande come\u00e7ou a mostrar um aumento, e tem evidenciado uma tend\u00eancia populacional crescente, este facto pode dever-se tamb\u00e9m \u00e0 redu\u00e7\u00e3o da a\u00e7\u00e3o predat\u00f3ria que os murganhos exerciam sobre os juvenis. As suas principais amea\u00e7as em termos de predadores ser\u00e3o talvez as aves marinhas e em particular a lagartixa-da-madeira que eventualmente pode predar os seus ovos. \u00c9 importante ent\u00e3o sensibilizar as popula\u00e7\u00f5es para a import\u00e2ncia da conserva\u00e7\u00e3o destes animais, afinal de contas, s\u00e3o \u00fanicos, e muitos est\u00e3o restritos a \u00e1reas bastante pequenas do globo, e merecem a nossa aten\u00e7\u00e3o, e prote\u00e7\u00e3o. H\u00e1 aqui que notar alguns pontos importantes que temos que ter em conta quando se avalia as popula\u00e7\u00f5es destes animais que est\u00e3o restritos a determinados locais, neste caso em particular, devido \u00e0 distribui\u00e7\u00e3o limitada e baixa altitude das ilhas, o que torna os eventos naturais como \u00e9 exemplo dos eventos estoc\u00e1sticos, tempestades, e aumento do n\u00edvel do mar agentes causadores de mais suscetibilidade destas popula\u00e7\u00f5es, em paralelo com a introdu\u00e7\u00e3o de esp\u00e9cies ex\u00f3ticas e\/ou doen\u00e7as, no caso de pragas estas podem sensibilizar bastante as popula\u00e7\u00f5es, da\u00ed ser de grande import\u00e2ncia monitorizar estes animais.\r\n\r\n[caption id=\"attachment_31267\" align=\"aligncenter\" width=\"1632\"]<img class=\"size-full wp-image-31267\" src=\"http:\/\/web.afiwai.com\/rwp\/wp-content\/uploads\/2019\/06\/Tarentola-bischoffi-Vanessagil87-Wikipedia.jpg\" alt=\"\" width=\"1632\" height=\"1224\" \/> Tarentola bischoffi - Vanessagil87 [Wikipedia][\/caption]E foi em 2013 que saiu uma not\u00edcia bastante curiosa, em que uma equipa de bi\u00f3logos portugueses veio revelar que as osgas-das-Selvagens podiam ser identificadas pelo padr\u00e3o da sua \u00edris! Sabemos que o padr\u00e3o de muitos animais n\u00e3o \u00e9 igual, mesmo dentro da pr\u00f3pria esp\u00e9cie, como \u00e9 o caso de, por exemplo o padr\u00e3o de riscas nas zebras, onde nenhum indiv\u00edduo tem um padr\u00e3o igual. No entanto, foi desenvolvido uma abordagem com o intuito de monitorizar as popula\u00e7\u00f5es destas osgas, ent\u00e3o usando como base o reconhecimento do padr\u00e3o da \u00edris usado em humanos, estes investigadores portugueses desenvolveram um m\u00e9todo equivalente\u2026 para osgas! Com o intuito de identificar e monitorizar os indiv\u00edduos, permitindo estimar as suas densidades populacionais, ponto fulcral quando se trata principalmente de esp\u00e9cies amea\u00e7adas, ou com distribui\u00e7\u00f5es geogr\u00e1ficas reduzidas, confinadas a certos locais do globo, o que as torna mais vulner\u00e1veis. Bastante interessante, n\u00e3o achas? \u00c9 quase como se atrav\u00e9s dos olhos conseguissem identificar quem \u00e9s, neste caso, de que indiv\u00edduo da osga-das-Selvagens se trata, costuma-se dizer que \u00abn\u00e3o h\u00e1 duas coisas iguais\u00bb, n\u00e3o \u00e9? Bom, aqui n\u00e3o \u00e9 exce\u00e7\u00e3o, na verdade, s\u00e3o \u00fanicas, cada uma delas, com um padr\u00e3o de \u00edris caracter\u00edstico e singular de cada indiv\u00edduo. Fant\u00e1stico!\r\n<pre><em>Refer\u00eancias:<\/em>\r\n<em>Filipa Alves 2013. Bi\u00f3logos portugueses descobrem que, tal como os humanos, as osgas-das-selvagens podem ser reconhecidas individualmente pelo padr\u00e3o da \u00edris. Naturlink. Available: <a href=\"http:\/\/naturlink.pt\/article.aspx?menuid=20&amp;cid=74839&amp;bl=1\">http:\/\/naturlink.pt\/article.aspx?menuid=20&amp;cid=74839&amp;bl=1<\/a>. [Acedido a 20 Junho 2019]<\/em>\r\n<em>Nicolau Ferreira 2013. Osgas podem ser identificadas pelos seus olhos, mostra estudo portugu\u00eas. Jornal P\u00fablico. Available: <a href=\"https:\/\/www.publico.pt\/2013\/11\/04\/jornal\/osgas-podem-ser-identificadas-pelos-seus-olhos-mostra-estudo-portugues-27341681\">https:\/\/www.publico.pt\/2013\/11\/04\/jornal\/osgas-podem-ser-identificadas-pelos-seus-olhos-mostra-estudo-portugues-27341681<\/a>. [Acedido a 20 Junho 2019]<\/em>\r\n<em>GIL, C\u00e1tia Vanessa Figueiredo - Crescimento individual da osga-das-Selvagens (Tarentola bischoffi): influ\u00eancias das varia\u00e7\u00f5es sazonais na disponibilidade alimentar. Lisboa: Faculdade de Ci\u00eancias \u2013 Universidade de Lisboa, 2011. Tese de Doutoramento.<\/em>\r\n<em>Ilhas Selvagens: <a href=\"https:\/\/ifcn.madeira.gov.pt\/areas-protegidas\/ilhas-selvagens.html\">https:\/\/ifcn.madeira.gov.pt\/areas-protegidas\/ilhas-selvagens.html<\/a><\/em><\/pre>","_et_gb_content_width":""},"categories":[40],"tags":[159,158,160,157,161],"yoast_head":"<!-- This site is optimized with the Yoast SEO plugin v20.5 - https:\/\/yoast.com\/wordpress\/plugins\/seo\/ -->\n<title>As osgas end\u00e9micas das ilhas Selvagens - ReptilWorld Park [Portugal]<\/title>\n<meta name=\"description\" content=\"P\u00e1gina oficial do futuro 1\u00ba Reptilario de Portugal que est\u00e1 em prepara\u00e7\u00e3o! Not\u00edcias, Novidades, Desenvolvimento de Projetos, Blog, Ofertas de emprego, Busca de investidores. Mantenha-se informado e aprenda a conhecer os r\u00e9pteis. Um projeto grande est\u00e1 chegando. ReptilWorld Park [Portugal] - Um novo mundo abre-se agora!\" \/>\n<meta name=\"robots\" content=\"index, follow, max-snippet:-1, max-image-preview:large, max-video-preview:-1\" \/>\n<link rel=\"canonical\" href=\"https:\/\/web.afiwai.com\/rwp\/as-osgas-endemicas-das-ilhas-selvagens\/\" \/>\n<meta property=\"og:locale\" content=\"pt_PT\" \/>\n<meta property=\"og:type\" content=\"article\" \/>\n<meta property=\"og:title\" content=\"As osgas end\u00e9micas das ilhas Selvagens - ReptilWorld Park [Portugal]\" \/>\n<meta property=\"og:description\" content=\"P\u00e1gina oficial do futuro 1\u00ba Reptilario de Portugal que est\u00e1 em prepara\u00e7\u00e3o! Not\u00edcias, Novidades, Desenvolvimento de Projetos, Blog, Ofertas de emprego, Busca de investidores. Mantenha-se informado e aprenda a conhecer os r\u00e9pteis. Um projeto grande est\u00e1 chegando. ReptilWorld Park [Portugal] - Um novo mundo abre-se agora!\" \/>\n<meta property=\"og:url\" content=\"https:\/\/web.afiwai.com\/rwp\/as-osgas-endemicas-das-ilhas-selvagens\/\" \/>\n<meta property=\"og:site_name\" content=\"ReptilWorld Park [Portugal]\" \/>\n<meta property=\"article:publisher\" content=\"https:\/\/www.facebook.com\/reptilworldpark\/\" \/>\n<meta property=\"article:published_time\" content=\"2019-06-21T17:58:35+00:00\" \/>\n<meta property=\"article:modified_time\" content=\"2019-12-13T14:43:49+00:00\" \/>\n<meta property=\"og:image\" content=\"https:\/\/web.afiwai.com\/rwp\/wp-content\/uploads\/2019\/06\/Tarentola-bischoffi-Vanessagil87-Wikipedia.jpg\" \/>\n\t<meta property=\"og:image:width\" content=\"1632\" \/>\n\t<meta property=\"og:image:height\" content=\"1224\" \/>\n\t<meta property=\"og:image:type\" content=\"image\/jpeg\" \/>\n<meta name=\"author\" content=\"Isadora Pombeiro\" \/>\n<meta name=\"twitter:card\" content=\"summary_large_image\" \/>\n<meta name=\"twitter:creator\" content=\"@ReptilWorldPark\" \/>\n<meta name=\"twitter:site\" content=\"@ReptilWorldPark\" \/>\n<meta name=\"twitter:label1\" content=\"Escrito por\" \/>\n\t<meta name=\"twitter:data1\" content=\"Isadora Pombeiro\" \/>\n\t<meta name=\"twitter:label2\" content=\"Tempo estimado de leitura\" \/>\n\t<meta name=\"twitter:data2\" content=\"4 minutos\" \/>\n<script type=\"application\/ld+json\" class=\"yoast-schema-graph\">{\"@context\":\"https:\/\/schema.org\",\"@graph\":[{\"@type\":\"Article\",\"@id\":\"https:\/\/web.afiwai.com\/rwp\/as-osgas-endemicas-das-ilhas-selvagens\/#article\",\"isPartOf\":{\"@id\":\"https:\/\/web.afiwai.com\/rwp\/as-osgas-endemicas-das-ilhas-selvagens\/\"},\"author\":{\"name\":\"Isadora Pombeiro\",\"@id\":\"https:\/\/web.afiwai.com\/rwp\/#\/schema\/person\/2165c37c91b75a4f8c8a0d2a715fd0ce\"},\"headline\":\"As osgas end\u00e9micas das ilhas Selvagens\",\"datePublished\":\"2019-06-21T17:58:35+00:00\",\"dateModified\":\"2019-12-13T14:43:49+00:00\",\"mainEntityOfPage\":{\"@id\":\"https:\/\/web.afiwai.com\/rwp\/as-osgas-endemicas-das-ilhas-selvagens\/\"},\"wordCount\":838,\"commentCount\":0,\"publisher\":{\"@id\":\"https:\/\/web.afiwai.com\/rwp\/#organization\"},\"keywords\":[\"bi\u00f3logos\",\"lagartixa\",\"osga\",\"osgas\",\"Tarentola\"],\"articleSection\":[\"Blog\"],\"inLanguage\":\"pt-PT\",\"potentialAction\":[{\"@type\":\"CommentAction\",\"name\":\"Comment\",\"target\":[\"https:\/\/web.afiwai.com\/rwp\/as-osgas-endemicas-das-ilhas-selvagens\/#respond\"]}]},{\"@type\":\"WebPage\",\"@id\":\"https:\/\/web.afiwai.com\/rwp\/as-osgas-endemicas-das-ilhas-selvagens\/\",\"url\":\"https:\/\/web.afiwai.com\/rwp\/as-osgas-endemicas-das-ilhas-selvagens\/\",\"name\":\"As osgas end\u00e9micas das ilhas Selvagens - ReptilWorld Park [Portugal]\",\"isPartOf\":{\"@id\":\"https:\/\/web.afiwai.com\/rwp\/#website\"},\"datePublished\":\"2019-06-21T17:58:35+00:00\",\"dateModified\":\"2019-12-13T14:43:49+00:00\",\"description\":\"P\u00e1gina oficial do futuro 1\u00ba Reptilario de Portugal que est\u00e1 em prepara\u00e7\u00e3o! Not\u00edcias, Novidades, Desenvolvimento de Projetos, Blog, Ofertas de emprego, Busca de investidores. Mantenha-se informado e aprenda a conhecer os r\u00e9pteis. Um projeto grande est\u00e1 chegando. ReptilWorld Park [Portugal] - Um novo mundo abre-se agora!\",\"breadcrumb\":{\"@id\":\"https:\/\/web.afiwai.com\/rwp\/as-osgas-endemicas-das-ilhas-selvagens\/#breadcrumb\"},\"inLanguage\":\"pt-PT\",\"potentialAction\":[{\"@type\":\"ReadAction\",\"target\":[\"https:\/\/web.afiwai.com\/rwp\/as-osgas-endemicas-das-ilhas-selvagens\/\"]}]},{\"@type\":\"BreadcrumbList\",\"@id\":\"https:\/\/web.afiwai.com\/rwp\/as-osgas-endemicas-das-ilhas-selvagens\/#breadcrumb\",\"itemListElement\":[{\"@type\":\"ListItem\",\"position\":1,\"name\":\"Home\",\"item\":\"https:\/\/web.afiwai.com\/rwp\/\"},{\"@type\":\"ListItem\",\"position\":2,\"name\":\"As osgas end\u00e9micas das ilhas Selvagens\"}]},{\"@type\":\"WebSite\",\"@id\":\"https:\/\/web.afiwai.com\/rwp\/#website\",\"url\":\"https:\/\/web.afiwai.com\/rwp\/\",\"name\":\"ReptilWorld Park [Portugal]\",\"description\":\"Entra num mundo desconhecido !\",\"publisher\":{\"@id\":\"https:\/\/web.afiwai.com\/rwp\/#organization\"},\"potentialAction\":[{\"@type\":\"SearchAction\",\"target\":{\"@type\":\"EntryPoint\",\"urlTemplate\":\"https:\/\/web.afiwai.com\/rwp\/?s={search_term_string}\"},\"query-input\":\"required name=search_term_string\"}],\"inLanguage\":\"pt-PT\"},{\"@type\":\"Organization\",\"@id\":\"https:\/\/web.afiwai.com\/rwp\/#organization\",\"name\":\"ReptilWorld Park - O in\u00e9dito em Portugal\",\"url\":\"https:\/\/web.afiwai.com\/rwp\/\",\"logo\":{\"@type\":\"ImageObject\",\"inLanguage\":\"pt-PT\",\"@id\":\"https:\/\/web.afiwai.com\/rwp\/#\/schema\/logo\/image\/\",\"url\":\"https:\/\/web.afiwai.com\/rwp\/wp-content\/uploads\/2018\/12\/Logo-cam\u00e9l\u00e9on-750px.png\",\"contentUrl\":\"https:\/\/web.afiwai.com\/rwp\/wp-content\/uploads\/2018\/12\/Logo-cam\u00e9l\u00e9on-750px.png\",\"width\":750,\"height\":341,\"caption\":\"ReptilWorld Park - O in\u00e9dito em Portugal\"},\"image\":{\"@id\":\"https:\/\/web.afiwai.com\/rwp\/#\/schema\/logo\/image\/\"},\"sameAs\":[\"https:\/\/www.facebook.com\/reptilworldpark\/\",\"https:\/\/twitter.com\/ReptilWorldPark\",\"https:\/\/www.instagram.com\/reptilworld_park\/\",\"https:\/\/www.linkedin.com\/in\/reptilworldpark\/\",\"https:\/\/www.youtube.com\/channel\/UCGarBbU4GwhnxAl218yJmDA\"]},{\"@type\":\"Person\",\"@id\":\"https:\/\/web.afiwai.com\/rwp\/#\/schema\/person\/2165c37c91b75a4f8c8a0d2a715fd0ce\",\"name\":\"Isadora Pombeiro\",\"image\":{\"@type\":\"ImageObject\",\"inLanguage\":\"pt-PT\",\"@id\":\"https:\/\/web.afiwai.com\/rwp\/#\/schema\/person\/image\/\",\"url\":\"https:\/\/secure.gravatar.com\/avatar\/fe28481fdbde96410a81708c457e4d19?s=96&d=mm&r=g\",\"contentUrl\":\"https:\/\/secure.gravatar.com\/avatar\/fe28481fdbde96410a81708c457e4d19?s=96&d=mm&r=g\",\"caption\":\"Isadora Pombeiro\"},\"url\":\"https:\/\/web.afiwai.com\/rwp\/author\/isadora-pombeiro\/\"}]}<\/script>\n<!-- \/ Yoast SEO plugin. -->","yoast_head_json":{"title":"As osgas end\u00e9micas das ilhas Selvagens - ReptilWorld Park [Portugal]","description":"P\u00e1gina oficial do futuro 1\u00ba Reptilario de Portugal que est\u00e1 em prepara\u00e7\u00e3o! Not\u00edcias, Novidades, Desenvolvimento de Projetos, Blog, Ofertas de emprego, Busca de investidores. Mantenha-se informado e aprenda a conhecer os r\u00e9pteis. Um projeto grande est\u00e1 chegando. ReptilWorld Park [Portugal] - Um novo mundo abre-se agora!","robots":{"index":"index","follow":"follow","max-snippet":"max-snippet:-1","max-image-preview":"max-image-preview:large","max-video-preview":"max-video-preview:-1"},"canonical":"https:\/\/web.afiwai.com\/rwp\/as-osgas-endemicas-das-ilhas-selvagens\/","og_locale":"pt_PT","og_type":"article","og_title":"As osgas end\u00e9micas das ilhas Selvagens - ReptilWorld Park [Portugal]","og_description":"P\u00e1gina oficial do futuro 1\u00ba Reptilario de Portugal que est\u00e1 em prepara\u00e7\u00e3o! Not\u00edcias, Novidades, Desenvolvimento de Projetos, Blog, Ofertas de emprego, Busca de investidores. Mantenha-se informado e aprenda a conhecer os r\u00e9pteis. Um projeto grande est\u00e1 chegando. ReptilWorld Park [Portugal] - Um novo mundo abre-se agora!","og_url":"https:\/\/web.afiwai.com\/rwp\/as-osgas-endemicas-das-ilhas-selvagens\/","og_site_name":"ReptilWorld Park [Portugal]","article_publisher":"https:\/\/www.facebook.com\/reptilworldpark\/","article_published_time":"2019-06-21T17:58:35+00:00","article_modified_time":"2019-12-13T14:43:49+00:00","og_image":[{"width":1632,"height":1224,"url":"https:\/\/web.afiwai.com\/rwp\/wp-content\/uploads\/2019\/06\/Tarentola-bischoffi-Vanessagil87-Wikipedia.jpg","type":"image\/jpeg"}],"author":"Isadora Pombeiro","twitter_card":"summary_large_image","twitter_creator":"@ReptilWorldPark","twitter_site":"@ReptilWorldPark","twitter_misc":{"Escrito por":"Isadora Pombeiro","Tempo estimado de leitura":"4 minutos"},"schema":{"@context":"https:\/\/schema.org","@graph":[{"@type":"Article","@id":"https:\/\/web.afiwai.com\/rwp\/as-osgas-endemicas-das-ilhas-selvagens\/#article","isPartOf":{"@id":"https:\/\/web.afiwai.com\/rwp\/as-osgas-endemicas-das-ilhas-selvagens\/"},"author":{"name":"Isadora Pombeiro","@id":"https:\/\/web.afiwai.com\/rwp\/#\/schema\/person\/2165c37c91b75a4f8c8a0d2a715fd0ce"},"headline":"As osgas end\u00e9micas das ilhas Selvagens","datePublished":"2019-06-21T17:58:35+00:00","dateModified":"2019-12-13T14:43:49+00:00","mainEntityOfPage":{"@id":"https:\/\/web.afiwai.com\/rwp\/as-osgas-endemicas-das-ilhas-selvagens\/"},"wordCount":838,"commentCount":0,"publisher":{"@id":"https:\/\/web.afiwai.com\/rwp\/#organization"},"keywords":["bi\u00f3logos","lagartixa","osga","osgas","Tarentola"],"articleSection":["Blog"],"inLanguage":"pt-PT","potentialAction":[{"@type":"CommentAction","name":"Comment","target":["https:\/\/web.afiwai.com\/rwp\/as-osgas-endemicas-das-ilhas-selvagens\/#respond"]}]},{"@type":"WebPage","@id":"https:\/\/web.afiwai.com\/rwp\/as-osgas-endemicas-das-ilhas-selvagens\/","url":"https:\/\/web.afiwai.com\/rwp\/as-osgas-endemicas-das-ilhas-selvagens\/","name":"As osgas end\u00e9micas das ilhas Selvagens - ReptilWorld Park [Portugal]","isPartOf":{"@id":"https:\/\/web.afiwai.com\/rwp\/#website"},"datePublished":"2019-06-21T17:58:35+00:00","dateModified":"2019-12-13T14:43:49+00:00","description":"P\u00e1gina oficial do futuro 1\u00ba Reptilario de Portugal que est\u00e1 em prepara\u00e7\u00e3o! Not\u00edcias, Novidades, Desenvolvimento de Projetos, Blog, Ofertas de emprego, Busca de investidores. Mantenha-se informado e aprenda a conhecer os r\u00e9pteis. Um projeto grande est\u00e1 chegando. ReptilWorld Park [Portugal] - Um novo mundo abre-se agora!","breadcrumb":{"@id":"https:\/\/web.afiwai.com\/rwp\/as-osgas-endemicas-das-ilhas-selvagens\/#breadcrumb"},"inLanguage":"pt-PT","potentialAction":[{"@type":"ReadAction","target":["https:\/\/web.afiwai.com\/rwp\/as-osgas-endemicas-das-ilhas-selvagens\/"]}]},{"@type":"BreadcrumbList","@id":"https:\/\/web.afiwai.com\/rwp\/as-osgas-endemicas-das-ilhas-selvagens\/#breadcrumb","itemListElement":[{"@type":"ListItem","position":1,"name":"Home","item":"https:\/\/web.afiwai.com\/rwp\/"},{"@type":"ListItem","position":2,"name":"As osgas end\u00e9micas das ilhas Selvagens"}]},{"@type":"WebSite","@id":"https:\/\/web.afiwai.com\/rwp\/#website","url":"https:\/\/web.afiwai.com\/rwp\/","name":"ReptilWorld Park [Portugal]","description":"Entra num mundo desconhecido !","publisher":{"@id":"https:\/\/web.afiwai.com\/rwp\/#organization"},"potentialAction":[{"@type":"SearchAction","target":{"@type":"EntryPoint","urlTemplate":"https:\/\/web.afiwai.com\/rwp\/?s={search_term_string}"},"query-input":"required name=search_term_string"}],"inLanguage":"pt-PT"},{"@type":"Organization","@id":"https:\/\/web.afiwai.com\/rwp\/#organization","name":"ReptilWorld Park - O in\u00e9dito em Portugal","url":"https:\/\/web.afiwai.com\/rwp\/","logo":{"@type":"ImageObject","inLanguage":"pt-PT","@id":"https:\/\/web.afiwai.com\/rwp\/#\/schema\/logo\/image\/","url":"https:\/\/web.afiwai.com\/rwp\/wp-content\/uploads\/2018\/12\/Logo-cam\u00e9l\u00e9on-750px.png","contentUrl":"https:\/\/web.afiwai.com\/rwp\/wp-content\/uploads\/2018\/12\/Logo-cam\u00e9l\u00e9on-750px.png","width":750,"height":341,"caption":"ReptilWorld Park - O in\u00e9dito em Portugal"},"image":{"@id":"https:\/\/web.afiwai.com\/rwp\/#\/schema\/logo\/image\/"},"sameAs":["https:\/\/www.facebook.com\/reptilworldpark\/","https:\/\/twitter.com\/ReptilWorldPark","https:\/\/www.instagram.com\/reptilworld_park\/","https:\/\/www.linkedin.com\/in\/reptilworldpark\/","https:\/\/www.youtube.com\/channel\/UCGarBbU4GwhnxAl218yJmDA"]},{"@type":"Person","@id":"https:\/\/web.afiwai.com\/rwp\/#\/schema\/person\/2165c37c91b75a4f8c8a0d2a715fd0ce","name":"Isadora Pombeiro","image":{"@type":"ImageObject","inLanguage":"pt-PT","@id":"https:\/\/web.afiwai.com\/rwp\/#\/schema\/person\/image\/","url":"https:\/\/secure.gravatar.com\/avatar\/fe28481fdbde96410a81708c457e4d19?s=96&d=mm&r=g","contentUrl":"https:\/\/secure.gravatar.com\/avatar\/fe28481fdbde96410a81708c457e4d19?s=96&d=mm&r=g","caption":"Isadora Pombeiro"},"url":"https:\/\/web.afiwai.com\/rwp\/author\/isadora-pombeiro\/"}]}},"_links":{"self":[{"href":"https:\/\/web.afiwai.com\/rwp\/wp-json\/wp\/v2\/posts\/31266"}],"collection":[{"href":"https:\/\/web.afiwai.com\/rwp\/wp-json\/wp\/v2\/posts"}],"about":[{"href":"https:\/\/web.afiwai.com\/rwp\/wp-json\/wp\/v2\/types\/post"}],"author":[{"embeddable":true,"href":"https:\/\/web.afiwai.com\/rwp\/wp-json\/wp\/v2\/users\/3"}],"replies":[{"embeddable":true,"href":"https:\/\/web.afiwai.com\/rwp\/wp-json\/wp\/v2\/comments?post=31266"}],"version-history":[{"count":8,"href":"https:\/\/web.afiwai.com\/rwp\/wp-json\/wp\/v2\/posts\/31266\/revisions"}],"predecessor-version":[{"id":31641,"href":"https:\/\/web.afiwai.com\/rwp\/wp-json\/wp\/v2\/posts\/31266\/revisions\/31641"}],"wp:featuredmedia":[{"embeddable":true,"href":"https:\/\/web.afiwai.com\/rwp\/wp-json\/wp\/v2\/media\/31267"}],"wp:attachment":[{"href":"https:\/\/web.afiwai.com\/rwp\/wp-json\/wp\/v2\/media?parent=31266"}],"wp:term":[{"taxonomy":"category","embeddable":true,"href":"https:\/\/web.afiwai.com\/rwp\/wp-json\/wp\/v2\/categories?post=31266"},{"taxonomy":"post_tag","embeddable":true,"href":"https:\/\/web.afiwai.com\/rwp\/wp-json\/wp\/v2\/tags?post=31266"}],"curies":[{"name":"wp","href":"https:\/\/api.w.org\/{rel}","templated":true}]}}