{"id":31307,"date":"2019-07-27T22:24:52","date_gmt":"2019-07-27T21:24:52","guid":{"rendered":"http:\/\/web.afiwai.com\/rwp\/?p=31307"},"modified":"2019-12-13T14:38:55","modified_gmt":"2019-12-13T14:38:55","slug":"o-enigmatico-lagarto-pinoquio","status":"publish","type":"post","link":"https:\/\/web.afiwai.com\/rwp\/o-enigmatico-lagarto-pinoquio\/","title":{"rendered":"O enigm\u00e1tico \u201cLagarto Pin\u00f3quio\u201d"},"content":{"rendered":"<p><span class=\"bp-first-letter\">F<\/span>oto de apresenta\u00e7\u00e3o: <em><a href=\"https:\/\/web.afiwai.com\/rwp\/tag\/anolis\/\">#Anolis<\/a> proboscis<\/em> &#8211; Javier \u00c1balos [Flickr]\n<p>Sabes a hist\u00f3ria de um rapaz que cada vez que mentia, lhe crescia o nariz? Bom, ser\u00e1 que ao <em><a href=\"https:\/\/web.afiwai.com\/rwp\/tag\/anolis\/\">#Anolis<\/a> proboscis<\/em> acontece o mesmo? Provavelmente estar\u00e1s a perguntar-te porque \u00e9 que estou a fazer uma quest\u00e3o destas, afinal de contas, estou a falar de um animal, os animais n\u00e3o mentem, pois n\u00e3o? Mas ent\u00e3o, apesar de isso n\u00e3o acontecer com ele, acontece que tem um prolongamento rostral assemelhando-se a um nariz bastante alongado, e quando digo isto, \u00e9 mesmo verdade! Da\u00ed o seu nome engra\u00e7ado de <a href=\"https:\/\/web.afiwai.com\/rwp\/tag\/lagarto\/\">#lagarto<\/a> Pin\u00f3quio! S\u00e3o r\u00e9pteis bem camuflados pelas suas cores vivas e padr\u00f5es caracter\u00edsticos, no entanto, deslocam-se na floresta sem dar nas vistas, s\u00e3o animais enigm\u00e1ticos e dif\u00edceis de encontrar se n\u00e3o souberes precisamente onde procurar, e isso, por um lado, faz com que estejam protegidos de olhares indiscretos!<\/p>\n<div id=\"attachment_31309\" style=\"width: 4298px\" class=\"wp-caption aligncenter\"><img decoding=\"async\" loading=\"lazy\" aria-describedby=\"caption-attachment-31309\" class=\"size-full wp-image-31309\" src=\"http:\/\/web.afiwai.com\/rwp\/wp-content\/uploads\/2019\/07\/Anolis-proboscis-Tom-Kennedy-Wikipedia.jpg\" alt=\"\" width=\"4288\" height=\"2848\" srcset=\"https:\/\/web.afiwai.com\/rwp\/wp-content\/uploads\/2019\/07\/Anolis-proboscis-Tom-Kennedy-Wikipedia.jpg 4288w, https:\/\/web.afiwai.com\/rwp\/wp-content\/uploads\/2019\/07\/Anolis-proboscis-Tom-Kennedy-Wikipedia-300x199.jpg 300w, https:\/\/web.afiwai.com\/rwp\/wp-content\/uploads\/2019\/07\/Anolis-proboscis-Tom-Kennedy-Wikipedia-768x510.jpg 768w, https:\/\/web.afiwai.com\/rwp\/wp-content\/uploads\/2019\/07\/Anolis-proboscis-Tom-Kennedy-Wikipedia-1024x680.jpg 1024w, https:\/\/web.afiwai.com\/rwp\/wp-content\/uploads\/2019\/07\/Anolis-proboscis-Tom-Kennedy-Wikipedia-610x405.jpg 610w, https:\/\/web.afiwai.com\/rwp\/wp-content\/uploads\/2019\/07\/Anolis-proboscis-Tom-Kennedy-Wikipedia-1080x717.jpg 1080w\" sizes=\"(max-width: 4288px) 100vw, 4288px\" \/><p id=\"caption-attachment-31309\" class=\"wp-caption-text\"><em><a href=\"https:\/\/web.afiwai.com\/rwp\/tag\/anolis\/\">#Anolis<\/a> proboscis<\/em> &#8211; Tom Kennedy [Wikipedia]<\/p><\/div>O <em><a href=\"https:\/\/web.afiwai.com\/rwp\/tag\/anolis\/\">#Anolis<\/a> proboscis <\/em>pensava-se extinto, mas foi em 2005 na regi\u00e3o do Equador que um grupo de observadores de aves (ou <em>bird-watchers)<\/em> fotografaram exemplares desta esp\u00e9cie, em que apenas os machos t\u00eam a peculiar caracter\u00edstica de ter um ap\u00eandice rostral! Agora, talvez te surja uma quest\u00e3o, qual a vantagem para esta esp\u00e9cie de o macho ter esta caracter\u00edstica t\u00e3o peculiar? Havia v\u00e1rias hip\u00f3teses, colocadas nomeadamente por <a href=\"https:\/\/web.afiwai.com\/rwp\/tag\/herpetologos\/\">#herpet\u00f3logos<\/a>, das quais se podia destacar: seria para os machos lutarem entre si? No entanto, rapidamente essa premissa foi esquecida, pois este prolongamento, a que tamb\u00e9m se pode chamar de chifre e que faz lembrar a estrutura que as borboletas t\u00eam, chamada de prob\u00f3scide, n\u00e3o era algo r\u00edgido o suficiente, na verdade, constatou-se que se dobrava com facilidade, sendo assim, n\u00e3o era grande arma de luta, pois n\u00e3o? Ent\u00e3o se n\u00e3o servem como defesa, qual a utilidade deste chifre? Em 2015, investigadores estudaram a intera\u00e7\u00e3o social entre machos e f\u00eameas desta esp\u00e9cie, com o intuito de compreender se o tamanho dos chifres nos machos teria alguma influ\u00eancia na altura do acasalamento, ser\u00e1 que as f\u00eameas faziam as suas escolhas com base nesse par\u00e2metro? Talvez te pare\u00e7a uma boa raz\u00e3o, n\u00e3o? Talvez\u2026<\/p>\n<div id=\"attachment_31310\" style=\"width: 2058px\" class=\"wp-caption aligncenter\"><img decoding=\"async\" loading=\"lazy\" aria-describedby=\"caption-attachment-31310\" class=\"size-full wp-image-31310\" src=\"http:\/\/web.afiwai.com\/rwp\/wp-content\/uploads\/2019\/07\/Anolis-proboscis-Santiago-Ron-Flickr.jpg\" alt=\"\" width=\"2048\" height=\"929\" srcset=\"https:\/\/web.afiwai.com\/rwp\/wp-content\/uploads\/2019\/07\/Anolis-proboscis-Santiago-Ron-Flickr.jpg 2048w, https:\/\/web.afiwai.com\/rwp\/wp-content\/uploads\/2019\/07\/Anolis-proboscis-Santiago-Ron-Flickr-300x136.jpg 300w, https:\/\/web.afiwai.com\/rwp\/wp-content\/uploads\/2019\/07\/Anolis-proboscis-Santiago-Ron-Flickr-768x348.jpg 768w, https:\/\/web.afiwai.com\/rwp\/wp-content\/uploads\/2019\/07\/Anolis-proboscis-Santiago-Ron-Flickr-1024x465.jpg 1024w, https:\/\/web.afiwai.com\/rwp\/wp-content\/uploads\/2019\/07\/Anolis-proboscis-Santiago-Ron-Flickr-610x277.jpg 610w, https:\/\/web.afiwai.com\/rwp\/wp-content\/uploads\/2019\/07\/Anolis-proboscis-Santiago-Ron-Flickr-1080x490.jpg 1080w\" sizes=\"(max-width: 2048px) 100vw, 2048px\" \/><p id=\"caption-attachment-31310\" class=\"wp-caption-text\"><em>Anolis proboscis<\/em> &#8211; Santiago Ron [Flickr]<\/p><\/div>mas ser\u00e1 que \u00e9 assim t\u00e3o linear? Na verdade, uma pequena curiosidade sobre esta preciosa esp\u00e9cie \u00e9 que os pequenos machos, quando eclodem, j\u00e1 nascem com um pequeno chifre, interessante, n\u00e3o \u00e9? Afinal, ele n\u00e3o aparece ao longo da idade, mas j\u00e1 faz parte destes aquando o seu nascimento! E isso \u00e9 raro. Aqui levanta-se outra quest\u00e3o, porqu\u00ea? Porque \u00e9 que isso ocorre? Qual a vantagem? As quest\u00f5es n\u00e3o acabavam por aqui, cientistas descobriram igualmente que os machos de <em><a href=\"https:\/\/web.afiwai.com\/rwp\/tag\/anolis\/\">#Anolis<\/a> proboscis<\/em> conseguem movimentar os seus chifres, para cima e para baixo! Curioso. Ent\u00e3o mas, se este ap\u00eandice prolongado que os machos t\u00eam n\u00e3o \u00e9 usado como defesa, pelas variadas raz\u00f5es que j\u00e1 referi, serve para qu\u00ea? Talvez o tamanho do chifre tenha mesmo relev\u00e2ncia\u2026 Afinal de contas, aumenta o tamanho do <a href=\"https:\/\/web.afiwai.com\/rwp\/tag\/reptil\/\">#r\u00e9ptil<\/a>, n\u00e3o \u00e9? Foi observado tamb\u00e9m nesta esp\u00e9cie, um comportamento interessante, em que antes do acasalamento, a f\u00eamea foge do macho, podendo-se sugerir como um desafio para o mesmo! Os machos geralmente levantam o seu prolongamento rostral (ou chifre) antes do acasalamento, e alguns investigadores, supuseram que esse comportamento se deveria a uma maior facilidade na altura de morderem a nuca da f\u00eamea, pois, depois da copula\u00e7\u00e3o voltam a baixar o seu chifre. No entanto, \u00e0 medida que mais estudos s\u00e3o feitos, mais se descobre, e esta esp\u00e9cie \u00e9 sem d\u00favida muito interessante e misteriosa, n\u00e3o concordas? Ainda h\u00e1 v\u00e1rias quest\u00f5es a serem respondidas, o que torna esta esp\u00e9cie ainda mais enigm\u00e1tica!<\/p>\n<p>De facto, \u00e9 um <a href=\"https:\/\/web.afiwai.com\/rwp\/tag\/reptil\/\">#r\u00e9ptil<\/a> cheio de inc\u00f3gnitas e curiosidades, n\u00e3o \u00e9? No entanto, apesar de se tratar de uma esp\u00e9cie discreta, esta est\u00e1 listada na categoria de esp\u00e9cie \u201cem perigo\u201d pela lista vermelha da <a href=\"https:\/\/web.afiwai.com\/rwp\/tag\/iucn\/\">#IUCN<\/a> (<u>I<\/u>nternational <u>U<\/u>nion for <u>C<\/u>onservation of <u>N<\/u>ature).<\/p>\n<p>&nbsp;<\/p>\n<hr \/>\n<p>Refer\u00eancias<\/p>\n<p>National Geographic, Arnold, Carrie 2013, \u2018\u201dExtinct\u201d Pinocchio Lizard Found in Ecuador\u2019. Available: <a href=\"https:\/\/blog.nationalgeographic.org\/2013\/10\/08\/extinct-pinocchio-#lizard-found-in-ecuador\/\">https:\/\/blog.nationalgeographic.org\/2013\/10\/08\/extinct-pinocchio-lizard-found-in-ecuador\/<\/a>. [Acedido a 23 Julho 2019].<\/p>\n<p>Rodr\u00edguez D 2015, \u2018Insights into social interactions in the Ecuadorian horned anole, <em><a href=\"https:\/\/web.afiwai.com\/rwp\/tag\/anolis\/\">#Anolis<\/a> proboscis\u2019<\/em>, Licenciatura em Ci\u00eancias <a href=\"https:\/\/web.afiwai.com\/rwp\/tag\/biologicas\/\">#biol\u00f3gicas<\/a>, Pontificia Universidad Cat\u00f3lica Del Ecuador Facultad de Ciencias Exactas y Naturales Escuela de Ciencias Biol\u00f3gicas, Ecuador. Available: <a href=\"http:\/\/repositorio.puce.edu.ec\/bitstream\/handle\/22000\/9664\/DiegoQuirola_Tesis.pdf?sequence=1&amp;isAllowed=y\">http:\/\/repositorio.puce.edu.ec\/bitstream\/handle\/22000\/9664\/DiegoQuirola_Tesis.pdf?sequence=1&amp;isAllowed=y<\/a>. [Acedido a 21 Julho 2019].<\/p>\n<p>BBC earth, G. Goldman, Jason 2016, \u2018The strange reason why the Pinocchio lizard has a long nose\u2019. Available: <a href=\"http:\/\/www.bbc.com\/earth\/story\/20160720-the-strange-reason-why-the-pinocchio-lizard-has-a-long-nose\">http:\/\/www.bbc.com\/earth\/story\/20160720-the-strange-reason-why-the-pinocchio-lizard-has-a-long-nose<\/a>. [Acedido a 22 Julho 2019].<\/p>\n<span class=\"et_bloom_bottom_trigger\"><\/span>","protected":false},"excerpt":{"rendered":"<p>Foto de apresenta\u00e7\u00e3o: #Anolis proboscis &#8211; Javier \u00c1balos [Flickr] Sabes a hist\u00f3ria de um rapaz que cada vez que mentia, lhe crescia o nariz? Bom, ser\u00e1 que ao #Anolis proboscis acontece o mesmo? Provavelmente estar\u00e1s a perguntar-te porque \u00e9 que estou a fazer uma quest\u00e3o destas, afinal de contas, estou a falar de um animal, os animais n\u00e3o mentem, pois n\u00e3o? Mas ent\u00e3o, apesar de isso n\u00e3o acontecer com ele, acontece que tem um prolongamento rostral assemelhando-se a um nariz bastante alongado, e quando digo isto, \u00e9 mesmo verdade! Da\u00ed o seu nome engra\u00e7ado de #lagarto Pin\u00f3quio! S\u00e3o r\u00e9pteis bem camuflados pelas suas cores vivas e padr\u00f5es caracter\u00edsticos, no entanto, deslocam-se na floresta sem dar nas vistas, s\u00e3o animais enigm\u00e1ticos e dif\u00edceis de encontrar se n\u00e3o souberes precisamente onde procurar, e isso, por um lado, faz com que estejam protegidos de olhares indiscretos! O #Anolis proboscis pensava-se extinto, mas foi [&hellip;]<\/p>\n","protected":false},"author":3,"featured_media":31308,"comment_status":"open","ping_status":"open","sticky":false,"template":"","format":"standard","meta":{"_et_pb_use_builder":"","_et_pb_old_content":"","_et_gb_content_width":""},"categories":[40],"tags":[154,156,155,147,138,132],"yoast_head":"<!-- This site is optimized with the Yoast SEO plugin v20.5 - https:\/\/yoast.com\/wordpress\/plugins\/seo\/ -->\n<title>O enigm\u00e1tico \u201cLagarto Pin\u00f3quio\u201d - ReptilWorld Park [Portugal]<\/title>\n<meta name=\"description\" content=\"P\u00e1gina oficial do futuro 1\u00ba Reptilario de Portugal que est\u00e1 em prepara\u00e7\u00e3o! Not\u00edcias, Novidades, Desenvolvimento de Projetos, Blog, Ofertas de emprego, Busca de investidores. Mantenha-se informado e aprenda a conhecer os r\u00e9pteis. Um projeto grande est\u00e1 chegando. ReptilWorld Park [Portugal] - Um novo mundo abre-se agora!\" \/>\n<meta name=\"robots\" content=\"index, follow, max-snippet:-1, max-image-preview:large, max-video-preview:-1\" \/>\n<link rel=\"canonical\" href=\"https:\/\/web.afiwai.com\/rwp\/o-enigmatico-lagarto-pinoquio\/\" \/>\n<meta property=\"og:locale\" content=\"pt_PT\" \/>\n<meta property=\"og:type\" content=\"article\" \/>\n<meta property=\"og:title\" content=\"O enigm\u00e1tico \u201cLagarto Pin\u00f3quio\u201d - ReptilWorld Park [Portugal]\" \/>\n<meta property=\"og:description\" content=\"P\u00e1gina oficial do futuro 1\u00ba Reptilario de Portugal que est\u00e1 em prepara\u00e7\u00e3o! Not\u00edcias, Novidades, Desenvolvimento de Projetos, Blog, Ofertas de emprego, Busca de investidores. Mantenha-se informado e aprenda a conhecer os r\u00e9pteis. Um projeto grande est\u00e1 chegando. ReptilWorld Park [Portugal] - Um novo mundo abre-se agora!\" \/>\n<meta property=\"og:url\" content=\"https:\/\/web.afiwai.com\/rwp\/o-enigmatico-lagarto-pinoquio\/\" \/>\n<meta property=\"og:site_name\" content=\"ReptilWorld Park [Portugal]\" \/>\n<meta property=\"article:publisher\" content=\"https:\/\/www.facebook.com\/reptilworldpark\/\" \/>\n<meta property=\"article:published_time\" content=\"2019-07-27T21:24:52+00:00\" \/>\n<meta property=\"article:modified_time\" content=\"2019-12-13T14:38:55+00:00\" \/>\n<meta property=\"og:image\" content=\"https:\/\/web.afiwai.com\/rwp\/wp-content\/uploads\/2019\/07\/Anolis-proboscis-Javier-\u00c1balos-Flickr.jpg\" \/>\n\t<meta property=\"og:image:width\" content=\"2048\" \/>\n\t<meta property=\"og:image:height\" content=\"1365\" \/>\n\t<meta property=\"og:image:type\" content=\"image\/jpeg\" \/>\n<meta name=\"author\" content=\"Isadora Pombeiro\" \/>\n<meta name=\"twitter:card\" content=\"summary_large_image\" \/>\n<meta name=\"twitter:creator\" content=\"@ReptilWorldPark\" \/>\n<meta name=\"twitter:site\" content=\"@ReptilWorldPark\" \/>\n<meta name=\"twitter:label1\" content=\"Escrito por\" \/>\n\t<meta name=\"twitter:data1\" content=\"Isadora Pombeiro\" \/>\n\t<meta name=\"twitter:label2\" content=\"Tempo estimado de leitura\" \/>\n\t<meta name=\"twitter:data2\" content=\"4 minutos\" \/>\n<script type=\"application\/ld+json\" class=\"yoast-schema-graph\">{\"@context\":\"https:\/\/schema.org\",\"@graph\":[{\"@type\":\"Article\",\"@id\":\"https:\/\/web.afiwai.com\/rwp\/o-enigmatico-lagarto-pinoquio\/#article\",\"isPartOf\":{\"@id\":\"https:\/\/web.afiwai.com\/rwp\/o-enigmatico-lagarto-pinoquio\/\"},\"author\":{\"name\":\"Isadora Pombeiro\",\"@id\":\"https:\/\/web.afiwai.com\/rwp\/#\/schema\/person\/2165c37c91b75a4f8c8a0d2a715fd0ce\"},\"headline\":\"O enigm\u00e1tico \u201cLagarto Pin\u00f3quio\u201d\",\"datePublished\":\"2019-07-27T21:24:52+00:00\",\"dateModified\":\"2019-12-13T14:38:55+00:00\",\"mainEntityOfPage\":{\"@id\":\"https:\/\/web.afiwai.com\/rwp\/o-enigmatico-lagarto-pinoquio\/\"},\"wordCount\":828,\"commentCount\":0,\"publisher\":{\"@id\":\"https:\/\/web.afiwai.com\/rwp\/#organization\"},\"keywords\":[\"Anolis\",\"biol\u00f3gicas\",\"herpet\u00f3logos\",\"IUCN\",\"lagarto\",\"r\u00e9ptil\"],\"articleSection\":[\"Blog\"],\"inLanguage\":\"pt-PT\",\"potentialAction\":[{\"@type\":\"CommentAction\",\"name\":\"Comment\",\"target\":[\"https:\/\/web.afiwai.com\/rwp\/o-enigmatico-lagarto-pinoquio\/#respond\"]}]},{\"@type\":\"WebPage\",\"@id\":\"https:\/\/web.afiwai.com\/rwp\/o-enigmatico-lagarto-pinoquio\/\",\"url\":\"https:\/\/web.afiwai.com\/rwp\/o-enigmatico-lagarto-pinoquio\/\",\"name\":\"O enigm\u00e1tico \u201cLagarto Pin\u00f3quio\u201d - ReptilWorld Park [Portugal]\",\"isPartOf\":{\"@id\":\"https:\/\/web.afiwai.com\/rwp\/#website\"},\"datePublished\":\"2019-07-27T21:24:52+00:00\",\"dateModified\":\"2019-12-13T14:38:55+00:00\",\"description\":\"P\u00e1gina oficial do futuro 1\u00ba Reptilario de Portugal que est\u00e1 em prepara\u00e7\u00e3o! Not\u00edcias, Novidades, Desenvolvimento de Projetos, Blog, Ofertas de emprego, Busca de investidores. Mantenha-se informado e aprenda a conhecer os r\u00e9pteis. Um projeto grande est\u00e1 chegando. ReptilWorld Park [Portugal] - Um novo mundo abre-se agora!\",\"breadcrumb\":{\"@id\":\"https:\/\/web.afiwai.com\/rwp\/o-enigmatico-lagarto-pinoquio\/#breadcrumb\"},\"inLanguage\":\"pt-PT\",\"potentialAction\":[{\"@type\":\"ReadAction\",\"target\":[\"https:\/\/web.afiwai.com\/rwp\/o-enigmatico-lagarto-pinoquio\/\"]}]},{\"@type\":\"BreadcrumbList\",\"@id\":\"https:\/\/web.afiwai.com\/rwp\/o-enigmatico-lagarto-pinoquio\/#breadcrumb\",\"itemListElement\":[{\"@type\":\"ListItem\",\"position\":1,\"name\":\"Home\",\"item\":\"https:\/\/web.afiwai.com\/rwp\/\"},{\"@type\":\"ListItem\",\"position\":2,\"name\":\"O enigm\u00e1tico \u201cLagarto Pin\u00f3quio\u201d\"}]},{\"@type\":\"WebSite\",\"@id\":\"https:\/\/web.afiwai.com\/rwp\/#website\",\"url\":\"https:\/\/web.afiwai.com\/rwp\/\",\"name\":\"ReptilWorld Park [Portugal]\",\"description\":\"Entra num mundo desconhecido !\",\"publisher\":{\"@id\":\"https:\/\/web.afiwai.com\/rwp\/#organization\"},\"potentialAction\":[{\"@type\":\"SearchAction\",\"target\":{\"@type\":\"EntryPoint\",\"urlTemplate\":\"https:\/\/web.afiwai.com\/rwp\/?s={search_term_string}\"},\"query-input\":\"required name=search_term_string\"}],\"inLanguage\":\"pt-PT\"},{\"@type\":\"Organization\",\"@id\":\"https:\/\/web.afiwai.com\/rwp\/#organization\",\"name\":\"ReptilWorld Park - O in\u00e9dito em Portugal\",\"url\":\"https:\/\/web.afiwai.com\/rwp\/\",\"logo\":{\"@type\":\"ImageObject\",\"inLanguage\":\"pt-PT\",\"@id\":\"https:\/\/web.afiwai.com\/rwp\/#\/schema\/logo\/image\/\",\"url\":\"https:\/\/web.afiwai.com\/rwp\/wp-content\/uploads\/2018\/12\/Logo-cam\u00e9l\u00e9on-750px.png\",\"contentUrl\":\"https:\/\/web.afiwai.com\/rwp\/wp-content\/uploads\/2018\/12\/Logo-cam\u00e9l\u00e9on-750px.png\",\"width\":750,\"height\":341,\"caption\":\"ReptilWorld Park - O in\u00e9dito em Portugal\"},\"image\":{\"@id\":\"https:\/\/web.afiwai.com\/rwp\/#\/schema\/logo\/image\/\"},\"sameAs\":[\"https:\/\/www.facebook.com\/reptilworldpark\/\",\"https:\/\/twitter.com\/ReptilWorldPark\",\"https:\/\/www.instagram.com\/reptilworld_park\/\",\"https:\/\/www.linkedin.com\/in\/reptilworldpark\/\",\"https:\/\/www.youtube.com\/channel\/UCGarBbU4GwhnxAl218yJmDA\"]},{\"@type\":\"Person\",\"@id\":\"https:\/\/web.afiwai.com\/rwp\/#\/schema\/person\/2165c37c91b75a4f8c8a0d2a715fd0ce\",\"name\":\"Isadora Pombeiro\",\"image\":{\"@type\":\"ImageObject\",\"inLanguage\":\"pt-PT\",\"@id\":\"https:\/\/web.afiwai.com\/rwp\/#\/schema\/person\/image\/\",\"url\":\"https:\/\/secure.gravatar.com\/avatar\/fe28481fdbde96410a81708c457e4d19?s=96&d=mm&r=g\",\"contentUrl\":\"https:\/\/secure.gravatar.com\/avatar\/fe28481fdbde96410a81708c457e4d19?s=96&d=mm&r=g\",\"caption\":\"Isadora Pombeiro\"},\"url\":\"https:\/\/web.afiwai.com\/rwp\/author\/isadora-pombeiro\/\"}]}<\/script>\n<!-- \/ Yoast SEO plugin. -->","yoast_head_json":{"title":"O enigm\u00e1tico \u201cLagarto Pin\u00f3quio\u201d - ReptilWorld Park [Portugal]","description":"P\u00e1gina oficial do futuro 1\u00ba Reptilario de Portugal que est\u00e1 em prepara\u00e7\u00e3o! Not\u00edcias, Novidades, Desenvolvimento de Projetos, Blog, Ofertas de emprego, Busca de investidores. Mantenha-se informado e aprenda a conhecer os r\u00e9pteis. Um projeto grande est\u00e1 chegando. ReptilWorld Park [Portugal] - Um novo mundo abre-se agora!","robots":{"index":"index","follow":"follow","max-snippet":"max-snippet:-1","max-image-preview":"max-image-preview:large","max-video-preview":"max-video-preview:-1"},"canonical":"https:\/\/web.afiwai.com\/rwp\/o-enigmatico-lagarto-pinoquio\/","og_locale":"pt_PT","og_type":"article","og_title":"O enigm\u00e1tico \u201cLagarto Pin\u00f3quio\u201d - ReptilWorld Park [Portugal]","og_description":"P\u00e1gina oficial do futuro 1\u00ba Reptilario de Portugal que est\u00e1 em prepara\u00e7\u00e3o! Not\u00edcias, Novidades, Desenvolvimento de Projetos, Blog, Ofertas de emprego, Busca de investidores. Mantenha-se informado e aprenda a conhecer os r\u00e9pteis. Um projeto grande est\u00e1 chegando. ReptilWorld Park [Portugal] - Um novo mundo abre-se agora!","og_url":"https:\/\/web.afiwai.com\/rwp\/o-enigmatico-lagarto-pinoquio\/","og_site_name":"ReptilWorld Park [Portugal]","article_publisher":"https:\/\/www.facebook.com\/reptilworldpark\/","article_published_time":"2019-07-27T21:24:52+00:00","article_modified_time":"2019-12-13T14:38:55+00:00","og_image":[{"width":2048,"height":1365,"url":"https:\/\/web.afiwai.com\/rwp\/wp-content\/uploads\/2019\/07\/Anolis-proboscis-Javier-\u00c1balos-Flickr.jpg","type":"image\/jpeg"}],"author":"Isadora Pombeiro","twitter_card":"summary_large_image","twitter_creator":"@ReptilWorldPark","twitter_site":"@ReptilWorldPark","twitter_misc":{"Escrito por":"Isadora Pombeiro","Tempo estimado de leitura":"4 minutos"},"schema":{"@context":"https:\/\/schema.org","@graph":[{"@type":"Article","@id":"https:\/\/web.afiwai.com\/rwp\/o-enigmatico-lagarto-pinoquio\/#article","isPartOf":{"@id":"https:\/\/web.afiwai.com\/rwp\/o-enigmatico-lagarto-pinoquio\/"},"author":{"name":"Isadora Pombeiro","@id":"https:\/\/web.afiwai.com\/rwp\/#\/schema\/person\/2165c37c91b75a4f8c8a0d2a715fd0ce"},"headline":"O enigm\u00e1tico \u201cLagarto Pin\u00f3quio\u201d","datePublished":"2019-07-27T21:24:52+00:00","dateModified":"2019-12-13T14:38:55+00:00","mainEntityOfPage":{"@id":"https:\/\/web.afiwai.com\/rwp\/o-enigmatico-lagarto-pinoquio\/"},"wordCount":828,"commentCount":0,"publisher":{"@id":"https:\/\/web.afiwai.com\/rwp\/#organization"},"keywords":["Anolis","biol\u00f3gicas","herpet\u00f3logos","IUCN","lagarto","r\u00e9ptil"],"articleSection":["Blog"],"inLanguage":"pt-PT","potentialAction":[{"@type":"CommentAction","name":"Comment","target":["https:\/\/web.afiwai.com\/rwp\/o-enigmatico-lagarto-pinoquio\/#respond"]}]},{"@type":"WebPage","@id":"https:\/\/web.afiwai.com\/rwp\/o-enigmatico-lagarto-pinoquio\/","url":"https:\/\/web.afiwai.com\/rwp\/o-enigmatico-lagarto-pinoquio\/","name":"O enigm\u00e1tico \u201cLagarto Pin\u00f3quio\u201d - ReptilWorld Park [Portugal]","isPartOf":{"@id":"https:\/\/web.afiwai.com\/rwp\/#website"},"datePublished":"2019-07-27T21:24:52+00:00","dateModified":"2019-12-13T14:38:55+00:00","description":"P\u00e1gina oficial do futuro 1\u00ba Reptilario de Portugal que est\u00e1 em prepara\u00e7\u00e3o! Not\u00edcias, Novidades, Desenvolvimento de Projetos, Blog, Ofertas de emprego, Busca de investidores. Mantenha-se informado e aprenda a conhecer os r\u00e9pteis. Um projeto grande est\u00e1 chegando. ReptilWorld Park [Portugal] - Um novo mundo abre-se agora!","breadcrumb":{"@id":"https:\/\/web.afiwai.com\/rwp\/o-enigmatico-lagarto-pinoquio\/#breadcrumb"},"inLanguage":"pt-PT","potentialAction":[{"@type":"ReadAction","target":["https:\/\/web.afiwai.com\/rwp\/o-enigmatico-lagarto-pinoquio\/"]}]},{"@type":"BreadcrumbList","@id":"https:\/\/web.afiwai.com\/rwp\/o-enigmatico-lagarto-pinoquio\/#breadcrumb","itemListElement":[{"@type":"ListItem","position":1,"name":"Home","item":"https:\/\/web.afiwai.com\/rwp\/"},{"@type":"ListItem","position":2,"name":"O enigm\u00e1tico \u201cLagarto Pin\u00f3quio\u201d"}]},{"@type":"WebSite","@id":"https:\/\/web.afiwai.com\/rwp\/#website","url":"https:\/\/web.afiwai.com\/rwp\/","name":"ReptilWorld Park [Portugal]","description":"Entra num mundo desconhecido !","publisher":{"@id":"https:\/\/web.afiwai.com\/rwp\/#organization"},"potentialAction":[{"@type":"SearchAction","target":{"@type":"EntryPoint","urlTemplate":"https:\/\/web.afiwai.com\/rwp\/?s={search_term_string}"},"query-input":"required name=search_term_string"}],"inLanguage":"pt-PT"},{"@type":"Organization","@id":"https:\/\/web.afiwai.com\/rwp\/#organization","name":"ReptilWorld Park - O in\u00e9dito em Portugal","url":"https:\/\/web.afiwai.com\/rwp\/","logo":{"@type":"ImageObject","inLanguage":"pt-PT","@id":"https:\/\/web.afiwai.com\/rwp\/#\/schema\/logo\/image\/","url":"https:\/\/web.afiwai.com\/rwp\/wp-content\/uploads\/2018\/12\/Logo-cam\u00e9l\u00e9on-750px.png","contentUrl":"https:\/\/web.afiwai.com\/rwp\/wp-content\/uploads\/2018\/12\/Logo-cam\u00e9l\u00e9on-750px.png","width":750,"height":341,"caption":"ReptilWorld Park - O in\u00e9dito em Portugal"},"image":{"@id":"https:\/\/web.afiwai.com\/rwp\/#\/schema\/logo\/image\/"},"sameAs":["https:\/\/www.facebook.com\/reptilworldpark\/","https:\/\/twitter.com\/ReptilWorldPark","https:\/\/www.instagram.com\/reptilworld_park\/","https:\/\/www.linkedin.com\/in\/reptilworldpark\/","https:\/\/www.youtube.com\/channel\/UCGarBbU4GwhnxAl218yJmDA"]},{"@type":"Person","@id":"https:\/\/web.afiwai.com\/rwp\/#\/schema\/person\/2165c37c91b75a4f8c8a0d2a715fd0ce","name":"Isadora Pombeiro","image":{"@type":"ImageObject","inLanguage":"pt-PT","@id":"https:\/\/web.afiwai.com\/rwp\/#\/schema\/person\/image\/","url":"https:\/\/secure.gravatar.com\/avatar\/fe28481fdbde96410a81708c457e4d19?s=96&d=mm&r=g","contentUrl":"https:\/\/secure.gravatar.com\/avatar\/fe28481fdbde96410a81708c457e4d19?s=96&d=mm&r=g","caption":"Isadora Pombeiro"},"url":"https:\/\/web.afiwai.com\/rwp\/author\/isadora-pombeiro\/"}]}},"_links":{"self":[{"href":"https:\/\/web.afiwai.com\/rwp\/wp-json\/wp\/v2\/posts\/31307"}],"collection":[{"href":"https:\/\/web.afiwai.com\/rwp\/wp-json\/wp\/v2\/posts"}],"about":[{"href":"https:\/\/web.afiwai.com\/rwp\/wp-json\/wp\/v2\/types\/post"}],"author":[{"embeddable":true,"href":"https:\/\/web.afiwai.com\/rwp\/wp-json\/wp\/v2\/users\/3"}],"replies":[{"embeddable":true,"href":"https:\/\/web.afiwai.com\/rwp\/wp-json\/wp\/v2\/comments?post=31307"}],"version-history":[{"count":3,"href":"https:\/\/web.afiwai.com\/rwp\/wp-json\/wp\/v2\/posts\/31307\/revisions"}],"predecessor-version":[{"id":31639,"href":"https:\/\/web.afiwai.com\/rwp\/wp-json\/wp\/v2\/posts\/31307\/revisions\/31639"}],"wp:featuredmedia":[{"embeddable":true,"href":"https:\/\/web.afiwai.com\/rwp\/wp-json\/wp\/v2\/media\/31308"}],"wp:attachment":[{"href":"https:\/\/web.afiwai.com\/rwp\/wp-json\/wp\/v2\/media?parent=31307"}],"wp:term":[{"taxonomy":"category","embeddable":true,"href":"https:\/\/web.afiwai.com\/rwp\/wp-json\/wp\/v2\/categories?post=31307"},{"taxonomy":"post_tag","embeddable":true,"href":"https:\/\/web.afiwai.com\/rwp\/wp-json\/wp\/v2\/tags?post=31307"}],"curies":[{"name":"wp","href":"https:\/\/api.w.org\/{rel}","templated":true}]}}